{"id":106,"date":"2023-09-06T23:34:13","date_gmt":"2023-09-06T21:34:13","guid":{"rendered":"https:\/\/www.redemokracia.sk\/volby-2023\/?p=106"},"modified":"2023-09-10T23:55:54","modified_gmt":"2023-09-10T21:55:54","slug":"vlastenecky-blok","status":"publish","type":"post","link":"https:\/\/www.redemokracia.sk\/volby-2023\/vlastenecky-blok\/","title":{"rendered":"Vlasteneck\u00fd blok"},"content":{"rendered":"\n<p>| VB&nbsp;| <\/p>\n\n\n\n<p><strong>Volebn\u00e9 \u010d\u00edslo 8&nbsp;<\/strong><\/p>\n\n\n\n<p><strong>Po\u010det kandid\u00e1tov: 41<\/strong><\/p>\n\n\n\n<div style=\"height:30px\" aria-hidden=\"true\" class=\"wp-block-spacer\"><\/div>\n\n\n\n<p>Pon\u00fakame V\u00e1m z\u00e1sadn\u00fa zmenu existuj\u00faceho nefunk\u010dn\u00e9ho syst\u00e9mu od samotn\u00e9ho z\u00e1kladu.<\/p>\n\n\n\n<p><strong>Sme otvoren\u00e9 hnutie pre v\u0161etk\u00fdch \u010destn\u00fdch ob\u010danov SR, ktor\u00ed sa chc\u00fa podie\u013ea\u0165 na spravovan\u00ed \u0161t\u00e1tu, ctia si \u00dastavu Slovenskej republiky, zvrchovanos\u0165 a celistvos\u0165 jej \u00fazemia, pr\u00e1va ob\u010danov bez rozdielu n\u00e1bo\u017eensk\u00e9ho vierovyznania a rasovej nezn\u00e1\u0161anlivosti.<\/strong><\/p>\n\n\n\n<p><strong>\u0160t\u00e1t zver\u00edme do r\u00fak odborn\u00edkom, nie politikom a amat\u00e9rom.<\/strong> <strong>Politika nie je obchod, ale slu\u017eba n\u00e1rodu!<\/strong><\/p>\n\n\n\n<p>Implementovan\u00fd koncept liber\u00e1lnej demokracie, ktor\u00fd sme pred viac, ako tridsiatimi rokmi s nad\u0161en\u00edm prijali, nadobudol re\u00e1lne trhliny. Politici a politika sa odvr\u00e1tili od ob\u010dana, dokonca z arogancie moci sa postavili nad z\u00e1kon! <\/p>\n\n\n\n<ul>\n<li>RODINA, ako z\u00e1kladn\u00fd pilier \u0161t\u00e1tu, bude na prvom mieste n\u00e1\u0161ho programu. Rodinu tvoria mu\u017e, \u017eena a deti.<\/li>\n\n\n\n<li>SUVERENITA a \u0161t\u00e1tna ZVRCHOVANOS\u0164 SR&nbsp;<\/li>\n\n\n\n<li>Prehodnotenie zotrvania SR v in\u0161tit\u00faci\u00e1ch EU a v NATO<\/li>\n\n\n\n<li>N\u00e1vrat k \u00fastavnosti a zos\u00faladenie z\u00e1konov s \u00dastavou z r. 1992<\/li>\n\n\n\n<li>\u0160t\u00e1tna a verejn\u00e1 spr\u00e1va&nbsp;<\/li>\n\n\n\n<li>Pozornos\u0165 zdravotn\u00edctvu, \u0161kolstvu, kult\u00fare, \u0161portu, ochrane \u017eivotn\u00e9ho prostredia, lesn\u00e9ho a vodn\u00e9ho hospod\u00e1rstva, dopravy, ako aj prinavr\u00e1teniu po\u013enohospod\u00e1rskej a potravinovej sebesta\u010dnosti a rozvoja vidieka SR.<\/li>\n<\/ul>\n\n\n\n<p><strong>Viac inform\u00e1ci\u00ed na str\u00e1nke:&nbsp;<a href=\"https:\/\/vlasteneckyblok.sk\/\" target=\"_blank\" rel=\"noreferrer noopener\">https:\/\/vlasteneckyblok.sk\/<\/a><\/strong><\/p>\n","protected":false},"excerpt":{"rendered":"<p>| VB&nbsp;| Volebn\u00e9 \u010d\u00edslo 8&nbsp; Po\u010det kandid\u00e1tov: 41 Pon\u00fakame V\u00e1m z\u00e1sadn\u00fa zmenu existuj\u00faceho nefunk\u010dn\u00e9ho syst\u00e9mu od samotn\u00e9ho z\u00e1kladu. Sme otvoren\u00e9 hnutie pre v\u0161etk\u00fdch \u010destn\u00fdch ob\u010danov SR, ktor\u00ed sa chc\u00fa podie\u013ea\u0165 na spravovan\u00ed \u0161t\u00e1tu, ctia si \u00dastavu Slovenskej republiky, zvrchovanos\u0165 a celistvos\u0165 jej \u00fazemia, pr\u00e1va ob\u010danov bez rozdielu n\u00e1bo\u017eensk\u00e9ho vierovyznania a rasovej nezn\u00e1\u0161anlivosti. \u0160t\u00e1t zver\u00edme do [&hellip;]<\/p>\n","protected":false},"author":1,"featured_media":739,"comment_status":"closed","ping_status":"closed","sticky":false,"template":"","format":"standard","meta":{"_monsterinsights_skip_tracking":false,"_monsterinsights_sitenote_active":false,"_monsterinsights_sitenote_note":"","_monsterinsights_sitenote_category":0},"categories":[36,45,33,35,47],"tags":[19,27,32,20,29,14,22,25],"yoast_head":"<!-- This site is optimized with the Yoast SEO plugin v21.1 - https:\/\/yoast.com\/wordpress\/plugins\/seo\/ -->\n<title>Vlasteneck\u00fd blok - redemokracia<\/title>\n<meta name=\"robots\" content=\"index, follow, max-snippet:-1, max-image-preview:large, max-video-preview:-1\" \/>\n<link rel=\"canonical\" href=\"https:\/\/www.redemokracia.sk\/volby-2023\/vlastenecky-blok\/\" \/>\n<meta property=\"og:locale\" content=\"sk_SK\" \/>\n<meta property=\"og:type\" content=\"article\" \/>\n<meta property=\"og:title\" content=\"Vlasteneck\u00fd blok - redemokracia\" \/>\n<meta property=\"og:description\" content=\"| VB&nbsp;| Volebn\u00e9 \u010d\u00edslo 8&nbsp; Po\u010det kandid\u00e1tov: 41 Pon\u00fakame V\u00e1m z\u00e1sadn\u00fa zmenu existuj\u00faceho nefunk\u010dn\u00e9ho syst\u00e9mu od samotn\u00e9ho z\u00e1kladu. Sme otvoren\u00e9 hnutie pre v\u0161etk\u00fdch \u010destn\u00fdch ob\u010danov SR, ktor\u00ed sa chc\u00fa podie\u013ea\u0165 na spravovan\u00ed \u0161t\u00e1tu, ctia si \u00dastavu Slovenskej republiky, zvrchovanos\u0165 a celistvos\u0165 jej \u00fazemia, pr\u00e1va ob\u010danov bez rozdielu n\u00e1bo\u017eensk\u00e9ho vierovyznania a rasovej nezn\u00e1\u0161anlivosti. \u0160t\u00e1t zver\u00edme do [&hellip;]\" \/>\n<meta property=\"og:url\" content=\"https:\/\/www.redemokracia.sk\/volby-2023\/vlastenecky-blok\/\" \/>\n<meta property=\"og:site_name\" content=\"redemokracia\" \/>\n<meta property=\"article:published_time\" content=\"2023-09-06T21:34:13+00:00\" \/>\n<meta property=\"article:modified_time\" content=\"2023-09-10T21:55:54+00:00\" \/>\n<meta property=\"og:image\" content=\"https:\/\/www.redemokracia.sk\/volby-2023\/wp-content\/uploads\/2023\/09\/Volby-2023-vlastenecky-blok-.jpg\" \/>\n\t<meta property=\"og:image:width\" content=\"1292\" \/>\n\t<meta property=\"og:image:height\" content=\"833\" \/>\n\t<meta property=\"og:image:type\" content=\"image\/jpeg\" \/>\n<meta name=\"author\" content=\"redemokracia\" \/>\n<meta name=\"twitter:card\" content=\"summary_large_image\" \/>\n<meta name=\"twitter:label1\" content=\"Autor\" \/>\n\t<meta name=\"twitter:data1\" content=\"redemokracia\" \/>\n\t<meta name=\"twitter:label2\" content=\"Predpokladan\u00fd \u010das \u010d\u00edtania\" \/>\n\t<meta name=\"twitter:data2\" content=\"1 min\u00fata\" \/>\n<script type=\"application\/ld+json\" class=\"yoast-schema-graph\">{\"@context\":\"https:\/\/schema.org\",\"@graph\":[{\"@type\":\"WebPage\",\"@id\":\"https:\/\/www.redemokracia.sk\/volby-2023\/vlastenecky-blok\/\",\"url\":\"https:\/\/www.redemokracia.sk\/volby-2023\/vlastenecky-blok\/\",\"name\":\"Vlasteneck\u00fd blok - redemokracia\",\"isPartOf\":{\"@id\":\"https:\/\/www.redemokracia.sk\/volby-2023\/#website\"},\"datePublished\":\"2023-09-06T21:34:13+00:00\",\"dateModified\":\"2023-09-10T21:55:54+00:00\",\"author\":{\"@id\":\"https:\/\/www.redemokracia.sk\/volby-2023\/#\/schema\/person\/bfe7960cd7d4f172780e14797b7c1ddf\"},\"breadcrumb\":{\"@id\":\"https:\/\/www.redemokracia.sk\/volby-2023\/vlastenecky-blok\/#breadcrumb\"},\"inLanguage\":\"sk-SK\",\"potentialAction\":[{\"@type\":\"ReadAction\",\"target\":[\"https:\/\/www.redemokracia.sk\/volby-2023\/vlastenecky-blok\/\"]}]},{\"@type\":\"BreadcrumbList\",\"@id\":\"https:\/\/www.redemokracia.sk\/volby-2023\/vlastenecky-blok\/#breadcrumb\",\"itemListElement\":[{\"@type\":\"ListItem\",\"position\":1,\"name\":\"Home\",\"item\":\"https:\/\/www.redemokracia.sk\/volby-2023\/\"},{\"@type\":\"ListItem\",\"position\":2,\"name\":\"Vlasteneck\u00fd blok\"}]},{\"@type\":\"WebSite\",\"@id\":\"https:\/\/www.redemokracia.sk\/volby-2023\/#website\",\"url\":\"https:\/\/www.redemokracia.sk\/volby-2023\/\",\"name\":\"redemokracia\",\"description\":\"\",\"potentialAction\":[{\"@type\":\"SearchAction\",\"target\":{\"@type\":\"EntryPoint\",\"urlTemplate\":\"https:\/\/www.redemokracia.sk\/volby-2023\/?s={search_term_string}\"},\"query-input\":\"required name=search_term_string\"}],\"inLanguage\":\"sk-SK\"},{\"@type\":\"Person\",\"@id\":\"https:\/\/www.redemokracia.sk\/volby-2023\/#\/schema\/person\/bfe7960cd7d4f172780e14797b7c1ddf\",\"name\":\"redemokracia\",\"image\":{\"@type\":\"ImageObject\",\"inLanguage\":\"sk-SK\",\"@id\":\"https:\/\/www.redemokracia.sk\/volby-2023\/#\/schema\/person\/image\/\",\"url\":\"https:\/\/secure.gravatar.com\/avatar\/9e91f5518f7c99ed60d705e32fe93a6b?s=96&d=mm&r=g\",\"contentUrl\":\"https:\/\/secure.gravatar.com\/avatar\/9e91f5518f7c99ed60d705e32fe93a6b?s=96&d=mm&r=g\",\"caption\":\"redemokracia\"},\"sameAs\":[\"https:\/\/www.redemokracia.sk\/volby-2023\"],\"url\":\"https:\/\/www.redemokracia.sk\/volby-2023\/author\/redemokracia\/\"}]}<\/script>\n<!-- \/ Yoast SEO plugin. -->","yoast_head_json":{"title":"Vlasteneck\u00fd blok - redemokracia","robots":{"index":"index","follow":"follow","max-snippet":"max-snippet:-1","max-image-preview":"max-image-preview:large","max-video-preview":"max-video-preview:-1"},"canonical":"https:\/\/www.redemokracia.sk\/volby-2023\/vlastenecky-blok\/","og_locale":"sk_SK","og_type":"article","og_title":"Vlasteneck\u00fd blok - redemokracia","og_description":"| VB&nbsp;| Volebn\u00e9 \u010d\u00edslo 8&nbsp; Po\u010det kandid\u00e1tov: 41 Pon\u00fakame V\u00e1m z\u00e1sadn\u00fa zmenu existuj\u00faceho nefunk\u010dn\u00e9ho syst\u00e9mu od samotn\u00e9ho z\u00e1kladu. Sme otvoren\u00e9 hnutie pre v\u0161etk\u00fdch \u010destn\u00fdch ob\u010danov SR, ktor\u00ed sa chc\u00fa podie\u013ea\u0165 na spravovan\u00ed \u0161t\u00e1tu, ctia si \u00dastavu Slovenskej republiky, zvrchovanos\u0165 a celistvos\u0165 jej \u00fazemia, pr\u00e1va ob\u010danov bez rozdielu n\u00e1bo\u017eensk\u00e9ho vierovyznania a rasovej nezn\u00e1\u0161anlivosti. \u0160t\u00e1t zver\u00edme do [&hellip;]","og_url":"https:\/\/www.redemokracia.sk\/volby-2023\/vlastenecky-blok\/","og_site_name":"redemokracia","article_published_time":"2023-09-06T21:34:13+00:00","article_modified_time":"2023-09-10T21:55:54+00:00","og_image":[{"width":1292,"height":833,"url":"https:\/\/www.redemokracia.sk\/volby-2023\/wp-content\/uploads\/2023\/09\/Volby-2023-vlastenecky-blok-.jpg","type":"image\/jpeg"}],"author":"redemokracia","twitter_card":"summary_large_image","twitter_misc":{"Autor":"redemokracia","Predpokladan\u00fd \u010das \u010d\u00edtania":"1 min\u00fata"},"schema":{"@context":"https:\/\/schema.org","@graph":[{"@type":"WebPage","@id":"https:\/\/www.redemokracia.sk\/volby-2023\/vlastenecky-blok\/","url":"https:\/\/www.redemokracia.sk\/volby-2023\/vlastenecky-blok\/","name":"Vlasteneck\u00fd blok - redemokracia","isPartOf":{"@id":"https:\/\/www.redemokracia.sk\/volby-2023\/#website"},"datePublished":"2023-09-06T21:34:13+00:00","dateModified":"2023-09-10T21:55:54+00:00","author":{"@id":"https:\/\/www.redemokracia.sk\/volby-2023\/#\/schema\/person\/bfe7960cd7d4f172780e14797b7c1ddf"},"breadcrumb":{"@id":"https:\/\/www.redemokracia.sk\/volby-2023\/vlastenecky-blok\/#breadcrumb"},"inLanguage":"sk-SK","potentialAction":[{"@type":"ReadAction","target":["https:\/\/www.redemokracia.sk\/volby-2023\/vlastenecky-blok\/"]}]},{"@type":"BreadcrumbList","@id":"https:\/\/www.redemokracia.sk\/volby-2023\/vlastenecky-blok\/#breadcrumb","itemListElement":[{"@type":"ListItem","position":1,"name":"Home","item":"https:\/\/www.redemokracia.sk\/volby-2023\/"},{"@type":"ListItem","position":2,"name":"Vlasteneck\u00fd blok"}]},{"@type":"WebSite","@id":"https:\/\/www.redemokracia.sk\/volby-2023\/#website","url":"https:\/\/www.redemokracia.sk\/volby-2023\/","name":"redemokracia","description":"","potentialAction":[{"@type":"SearchAction","target":{"@type":"EntryPoint","urlTemplate":"https:\/\/www.redemokracia.sk\/volby-2023\/?s={search_term_string}"},"query-input":"required name=search_term_string"}],"inLanguage":"sk-SK"},{"@type":"Person","@id":"https:\/\/www.redemokracia.sk\/volby-2023\/#\/schema\/person\/bfe7960cd7d4f172780e14797b7c1ddf","name":"redemokracia","image":{"@type":"ImageObject","inLanguage":"sk-SK","@id":"https:\/\/www.redemokracia.sk\/volby-2023\/#\/schema\/person\/image\/","url":"https:\/\/secure.gravatar.com\/avatar\/9e91f5518f7c99ed60d705e32fe93a6b?s=96&d=mm&r=g","contentUrl":"https:\/\/secure.gravatar.com\/avatar\/9e91f5518f7c99ed60d705e32fe93a6b?s=96&d=mm&r=g","caption":"redemokracia"},"sameAs":["https:\/\/www.redemokracia.sk\/volby-2023"],"url":"https:\/\/www.redemokracia.sk\/volby-2023\/author\/redemokracia\/"}]}},"_links":{"self":[{"href":"https:\/\/www.redemokracia.sk\/volby-2023\/wp-json\/wp\/v2\/posts\/106"}],"collection":[{"href":"https:\/\/www.redemokracia.sk\/volby-2023\/wp-json\/wp\/v2\/posts"}],"about":[{"href":"https:\/\/www.redemokracia.sk\/volby-2023\/wp-json\/wp\/v2\/types\/post"}],"author":[{"embeddable":true,"href":"https:\/\/www.redemokracia.sk\/volby-2023\/wp-json\/wp\/v2\/users\/1"}],"replies":[{"embeddable":true,"href":"https:\/\/www.redemokracia.sk\/volby-2023\/wp-json\/wp\/v2\/comments?post=106"}],"version-history":[{"count":6,"href":"https:\/\/www.redemokracia.sk\/volby-2023\/wp-json\/wp\/v2\/posts\/106\/revisions"}],"predecessor-version":[{"id":750,"href":"https:\/\/www.redemokracia.sk\/volby-2023\/wp-json\/wp\/v2\/posts\/106\/revisions\/750"}],"wp:featuredmedia":[{"embeddable":true,"href":"https:\/\/www.redemokracia.sk\/volby-2023\/wp-json\/wp\/v2\/media\/739"}],"wp:attachment":[{"href":"https:\/\/www.redemokracia.sk\/volby-2023\/wp-json\/wp\/v2\/media?parent=106"}],"wp:term":[{"taxonomy":"category","embeddable":true,"href":"https:\/\/www.redemokracia.sk\/volby-2023\/wp-json\/wp\/v2\/categories?post=106"},{"taxonomy":"post_tag","embeddable":true,"href":"https:\/\/www.redemokracia.sk\/volby-2023\/wp-json\/wp\/v2\/tags?post=106"}],"curies":[{"name":"wp","href":"https:\/\/api.w.org\/{rel}","templated":true}]}}