{"id":108,"date":"2023-09-06T23:34:45","date_gmt":"2023-09-06T21:34:45","guid":{"rendered":"https:\/\/www.redemokracia.sk\/volby-2023\/?p=108"},"modified":"2023-09-10T23:55:31","modified_gmt":"2023-09-10T21:55:31","slug":"modri-most-hid","status":"publish","type":"post","link":"https:\/\/www.redemokracia.sk\/volby-2023\/modri-most-hid\/","title":{"rendered":"Modr\u00ed, Most &#8211; H\u00edd"},"content":{"rendered":"\n<p>| MM | <\/p>\n\n\n\n<p><strong>Volebn\u00e9 \u010d\u00edslo 9&nbsp;<\/strong><\/p>\n\n\n\n<p><strong>Po\u010det kandid\u00e1tov: 149<\/strong><\/p>\n\n\n\n<div style=\"height:30px\" aria-hidden=\"true\" class=\"wp-block-spacer\"><\/div>\n\n\n\n<p>M\u00e1me cie\u013e, pozn\u00e1me cestu! <br>Nov\u00fd MODR\u00dd projekt, ktor\u00e9ho cie\u013eom je o\u017eivi\u0165 \u00faspech Slovenska. \u017dijeme v skvelej krajine. Na Slovensku nie je ni\u010d tak\u00e9 zl\u00e9, \u010do by sa nedalo vylie\u010di\u0165 t\u00fdm, \u010do je na Slovensku dobr\u00e9.<br>Dali sme sa dokopy a dr\u017e\u00edme spolu, aby sme sa pok\u00fasili pom\u00f4c\u0165 na\u0161ej krajine.<\/p>\n\n\n\n<p>Na\u0161a v\u00edzia je jasn\u00e1. Chceme by\u0165 znovu hrd\u00ed na Slovensko.<br>Chceme vytvori\u0165 tak\u00e9 Slovensko, na ktor\u00e9 budeme m\u00f4c\u0165 by\u0165 hrd\u00ed a z ktor\u00e9ho nebud\u00fa odch\u00e1dza\u0165 na\u0161e deti za lep\u0161\u00edm \u017eivotom.<\/p>\n\n\n\n<ul>\n<li>1. ZDRAV\u00c9 A SILN\u00c9 HOSPOD\u00c1RSTVO PRE \u00daSPE\u0160N\u00c9 SLOVENSKO<\/li>\n\n\n\n<li>VEREJN\u00dd DLH<\/li>\n\n\n\n<li>V\u00ddDAVKOV\u00c9 LIMITY<\/li>\n\n\n\n<li>OPTIMALIZ\u00c1CIA \u0160T\u00c1TNYCH SVIATKOV<\/li>\n\n\n\n<li>ZMEN\u00cdME DA\u0147OV\u00dd MIX<\/li>\n\n\n\n<li>ROVN\u00c1 DA\u0147 Z PR\u00cdJMU<\/li>\n\n\n\n<li>ZN\u00cd\u017dENIE ODVODOV<\/li>\n<\/ul>\n\n\n\n<ul>\n<li>2. REGION\u00c1LNE Z\u00c1KLADY SLOVENSK\u00c9HO ROZVOJA<\/li>\n\n\n\n<li>ZR\u00ddCHLEN\u00c9 ODPISOVANIE<\/li>\n\n\n\n<li>VIAC VEREJN\u00ddCH INVEST\u00cdCI\u00cd<\/li>\n\n\n\n<li>FINANCOVANIE SAMOSPR\u00c1V<\/li>\n\n\n\n<li>EUROFONDY REGI\u00d3NOM<\/li>\n\n\n\n<li>GRANTOV\u00dd SYST\u00c9M<\/li>\n\n\n\n<li>R\u00ddCHLEJ\u0160IE VEREJN\u00c9 INVEST\u00cdCIE<\/li>\n<\/ul>\n\n\n\n<ul>\n<li>3. ZDRAV\u00c9 SLOVENSKO<\/li>\n\n\n\n<li>TELEMEDIC\u00cdNA<\/li>\n\n\n\n<li>ELEKTRONICK\u00c9 V\u00ddMENN\u00c9 L\u00cdSTKY<\/li>\n\n\n\n<li>VYBUDUJEME DVE NOV\u00c9 NEMOCNICE<\/li>\n\n\n\n<li>NEMOCNICE V REGI\u00d3NOCH.<\/li>\n\n\n\n<li>NAV\u00dd\u0160IME INVEST\u00cdCIE<\/li>\n\n\n\n<li>BENEFITY ZA ZODPOVEDNOS\u0164<\/li>\n\n\n\n<li>N\u00c1ROK PACIENTA<\/li>\n\n\n\n<li>DIGITALIZ\u00c1CIA V ZDRAVOTN\u00cdCTVE<\/li>\n<\/ul>\n\n\n\n<ul>\n<li>4. VZDELAN\u00c9 SLOVENSKO<\/li>\n\n\n\n<li>PROSTREDIE PRE INOV\u00c1TOROV&nbsp;<\/li>\n\n\n\n<li>STIMUL\u00c1CIA DOM\u00c1CEJ EKONOMIKY&nbsp;<\/li>\n\n\n\n<li>INOVA\u010cN\u00c1 DIPLOMACIA&nbsp;<\/li>\n\n\n\n<li>INOV\u00c1CIE V REGI\u00d3NOCH&nbsp;<\/li>\n<\/ul>\n\n\n\n<ul>\n<li>5. DIGITALIZ\u00c1CIA &#8211; MODERN\u00dd \u0160T\u00c1T AKO SLU\u017dBA OB\u010cANOM<\/li>\n\n\n\n<li>E\u2013GOVERNMENT&nbsp;<\/li>\n\n\n\n<li>DIGITALIZ\u00c1CIA ZDRAVOTN\u00cdCTVA&nbsp;<\/li>\n\n\n\n<li>DIGIT\u00c1LNA BEZPE\u010cNOS\u0164&nbsp;<\/li>\n<\/ul>\n\n\n\n<ul>\n<li>6. ZELEN\u00c1 TRANSFORM\u00c1CIA PRE ODOLNEJ\u0160IE SLOVENSKO<\/li>\n\n\n\n<li>CLEANTECH&nbsp;<\/li>\n\n\n\n<li>DEKARBONIZ\u00c1CIA PRIEMYSLU &nbsp;<\/li>\n\n\n\n<li>OBNOVITE\u013dN\u00c9 ZDROJE&nbsp;<\/li>\n\n\n\n<li>ELEKTROMOBILITA&nbsp;<\/li>\n\n\n\n<li>ENERGETICK\u00c1 CHUDOBA&nbsp;<\/li>\n\n\n\n<li>OTVOREN\u00c1 ENERGETIKA&nbsp;<\/li>\n\n\n\n<li>PREPOJENIE S\u00daSTAV&nbsp;<\/li>\n\n\n\n<li>ENERGIA Z JADRA&nbsp;<\/li>\n\n\n\n<li>REGUL\u00c1CIA CIEN ENERGI\u00cd&nbsp;<\/li>\n\n\n\n<li>KONKUREN\u010cN\u00c9 PROSTREDIE&nbsp;<\/li>\n\n\n\n<li>TRHOV\u00c9 CENY ENERGI\u00cd&nbsp;<\/li>\n\n\n\n<li>ODPADOV\u00c9 HOSPOD\u00c1RSTVO&nbsp;<\/li>\n\n\n\n<li>OCHRANA LESOV&nbsp;<\/li>\n\n\n\n<li>INVEST\u00cdCIE A MODERNIZ\u00c1CIA CIEST&nbsp;<\/li>\n\n\n\n<li>INTEGROVAN\u00dd DOPRAVN\u00dd SYST\u00c9M&nbsp;<\/li>\n\n\n\n<li>N\u00c1RODN\u00c1 DOPRAVN\u00c1 AUTORITA&nbsp;<\/li>\n\n\n\n<li>N\u00c1RODN\u00c1 CESTN\u00c1 SPOLO\u010cNOS\u0164&nbsp;<\/li>\n<\/ul>\n\n\n\n<p><strong>Viac inform\u00e1ci\u00ed na str\u00e1nke:&nbsp;<a href=\"https:\/\/modri.sk\/\" target=\"_blank\" rel=\"noreferrer noopener\">https:\/\/modri.sk\/<\/a><\/strong><\/p>\n","protected":false},"excerpt":{"rendered":"<p>| MM | Volebn\u00e9 \u010d\u00edslo 9&nbsp; Po\u010det kandid\u00e1tov: 149 M\u00e1me cie\u013e, pozn\u00e1me cestu! Nov\u00fd MODR\u00dd projekt, ktor\u00e9ho cie\u013eom je o\u017eivi\u0165 \u00faspech Slovenska. \u017dijeme v skvelej krajine. Na Slovensku nie je ni\u010d tak\u00e9 zl\u00e9, \u010do by sa nedalo vylie\u010di\u0165 t\u00fdm, \u010do je na Slovensku dobr\u00e9.Dali sme sa dokopy a dr\u017e\u00edme spolu, aby sme sa pok\u00fasili pom\u00f4c\u0165 [&hellip;]<\/p>\n","protected":false},"author":1,"featured_media":724,"comment_status":"closed","ping_status":"closed","sticky":false,"template":"","format":"standard","meta":{"_monsterinsights_skip_tracking":false,"_monsterinsights_sitenote_active":false,"_monsterinsights_sitenote_note":"","_monsterinsights_sitenote_category":0},"categories":[40,45,33,37],"tags":[24,23,30,18,19,32,29,14,22],"yoast_head":"<!-- This site is optimized with the Yoast SEO plugin v21.1 - https:\/\/yoast.com\/wordpress\/plugins\/seo\/ -->\n<title>Modr\u00ed, Most - H\u00edd - redemokracia<\/title>\n<meta name=\"robots\" content=\"index, follow, max-snippet:-1, max-image-preview:large, max-video-preview:-1\" \/>\n<link rel=\"canonical\" href=\"https:\/\/www.redemokracia.sk\/volby-2023\/modri-most-hid\/\" \/>\n<meta property=\"og:locale\" content=\"sk_SK\" \/>\n<meta property=\"og:type\" content=\"article\" \/>\n<meta property=\"og:title\" content=\"Modr\u00ed, Most - H\u00edd - redemokracia\" \/>\n<meta property=\"og:description\" content=\"| MM | Volebn\u00e9 \u010d\u00edslo 9&nbsp; Po\u010det kandid\u00e1tov: 149 M\u00e1me cie\u013e, pozn\u00e1me cestu! Nov\u00fd MODR\u00dd projekt, ktor\u00e9ho cie\u013eom je o\u017eivi\u0165 \u00faspech Slovenska. \u017dijeme v skvelej krajine. Na Slovensku nie je ni\u010d tak\u00e9 zl\u00e9, \u010do by sa nedalo vylie\u010di\u0165 t\u00fdm, \u010do je na Slovensku dobr\u00e9.Dali sme sa dokopy a dr\u017e\u00edme spolu, aby sme sa pok\u00fasili pom\u00f4c\u0165 [&hellip;]\" \/>\n<meta property=\"og:url\" content=\"https:\/\/www.redemokracia.sk\/volby-2023\/modri-most-hid\/\" \/>\n<meta property=\"og:site_name\" content=\"redemokracia\" \/>\n<meta property=\"article:published_time\" content=\"2023-09-06T21:34:45+00:00\" \/>\n<meta property=\"article:modified_time\" content=\"2023-09-10T21:55:31+00:00\" \/>\n<meta property=\"og:image\" content=\"https:\/\/www.redemokracia.sk\/volby-2023\/wp-content\/uploads\/2023\/09\/Volby-2023-modri-most-hid-.jpg\" \/>\n\t<meta property=\"og:image:width\" content=\"1292\" \/>\n\t<meta property=\"og:image:height\" content=\"833\" \/>\n\t<meta property=\"og:image:type\" content=\"image\/jpeg\" \/>\n<meta name=\"author\" content=\"redemokracia\" \/>\n<meta name=\"twitter:card\" content=\"summary_large_image\" \/>\n<meta name=\"twitter:label1\" content=\"Autor\" \/>\n\t<meta name=\"twitter:data1\" content=\"redemokracia\" \/>\n\t<meta name=\"twitter:label2\" content=\"Predpokladan\u00fd \u010das \u010d\u00edtania\" \/>\n\t<meta name=\"twitter:data2\" content=\"2 min\u00faty\" \/>\n<script type=\"application\/ld+json\" class=\"yoast-schema-graph\">{\"@context\":\"https:\/\/schema.org\",\"@graph\":[{\"@type\":\"WebPage\",\"@id\":\"https:\/\/www.redemokracia.sk\/volby-2023\/modri-most-hid\/\",\"url\":\"https:\/\/www.redemokracia.sk\/volby-2023\/modri-most-hid\/\",\"name\":\"Modr\u00ed, Most - H\u00edd - redemokracia\",\"isPartOf\":{\"@id\":\"https:\/\/www.redemokracia.sk\/volby-2023\/#website\"},\"datePublished\":\"2023-09-06T21:34:45+00:00\",\"dateModified\":\"2023-09-10T21:55:31+00:00\",\"author\":{\"@id\":\"https:\/\/www.redemokracia.sk\/volby-2023\/#\/schema\/person\/bfe7960cd7d4f172780e14797b7c1ddf\"},\"breadcrumb\":{\"@id\":\"https:\/\/www.redemokracia.sk\/volby-2023\/modri-most-hid\/#breadcrumb\"},\"inLanguage\":\"sk-SK\",\"potentialAction\":[{\"@type\":\"ReadAction\",\"target\":[\"https:\/\/www.redemokracia.sk\/volby-2023\/modri-most-hid\/\"]}]},{\"@type\":\"BreadcrumbList\",\"@id\":\"https:\/\/www.redemokracia.sk\/volby-2023\/modri-most-hid\/#breadcrumb\",\"itemListElement\":[{\"@type\":\"ListItem\",\"position\":1,\"name\":\"Home\",\"item\":\"https:\/\/www.redemokracia.sk\/volby-2023\/\"},{\"@type\":\"ListItem\",\"position\":2,\"name\":\"Modr\u00ed, Most &#8211; H\u00edd\"}]},{\"@type\":\"WebSite\",\"@id\":\"https:\/\/www.redemokracia.sk\/volby-2023\/#website\",\"url\":\"https:\/\/www.redemokracia.sk\/volby-2023\/\",\"name\":\"redemokracia\",\"description\":\"\",\"potentialAction\":[{\"@type\":\"SearchAction\",\"target\":{\"@type\":\"EntryPoint\",\"urlTemplate\":\"https:\/\/www.redemokracia.sk\/volby-2023\/?s={search_term_string}\"},\"query-input\":\"required name=search_term_string\"}],\"inLanguage\":\"sk-SK\"},{\"@type\":\"Person\",\"@id\":\"https:\/\/www.redemokracia.sk\/volby-2023\/#\/schema\/person\/bfe7960cd7d4f172780e14797b7c1ddf\",\"name\":\"redemokracia\",\"image\":{\"@type\":\"ImageObject\",\"inLanguage\":\"sk-SK\",\"@id\":\"https:\/\/www.redemokracia.sk\/volby-2023\/#\/schema\/person\/image\/\",\"url\":\"https:\/\/secure.gravatar.com\/avatar\/9e91f5518f7c99ed60d705e32fe93a6b?s=96&d=mm&r=g\",\"contentUrl\":\"https:\/\/secure.gravatar.com\/avatar\/9e91f5518f7c99ed60d705e32fe93a6b?s=96&d=mm&r=g\",\"caption\":\"redemokracia\"},\"sameAs\":[\"https:\/\/www.redemokracia.sk\/volby-2023\"],\"url\":\"https:\/\/www.redemokracia.sk\/volby-2023\/author\/redemokracia\/\"}]}<\/script>\n<!-- \/ Yoast SEO plugin. -->","yoast_head_json":{"title":"Modr\u00ed, Most - H\u00edd - redemokracia","robots":{"index":"index","follow":"follow","max-snippet":"max-snippet:-1","max-image-preview":"max-image-preview:large","max-video-preview":"max-video-preview:-1"},"canonical":"https:\/\/www.redemokracia.sk\/volby-2023\/modri-most-hid\/","og_locale":"sk_SK","og_type":"article","og_title":"Modr\u00ed, Most - H\u00edd - redemokracia","og_description":"| MM | Volebn\u00e9 \u010d\u00edslo 9&nbsp; Po\u010det kandid\u00e1tov: 149 M\u00e1me cie\u013e, pozn\u00e1me cestu! Nov\u00fd MODR\u00dd projekt, ktor\u00e9ho cie\u013eom je o\u017eivi\u0165 \u00faspech Slovenska. \u017dijeme v skvelej krajine. Na Slovensku nie je ni\u010d tak\u00e9 zl\u00e9, \u010do by sa nedalo vylie\u010di\u0165 t\u00fdm, \u010do je na Slovensku dobr\u00e9.Dali sme sa dokopy a dr\u017e\u00edme spolu, aby sme sa pok\u00fasili pom\u00f4c\u0165 [&hellip;]","og_url":"https:\/\/www.redemokracia.sk\/volby-2023\/modri-most-hid\/","og_site_name":"redemokracia","article_published_time":"2023-09-06T21:34:45+00:00","article_modified_time":"2023-09-10T21:55:31+00:00","og_image":[{"width":1292,"height":833,"url":"https:\/\/www.redemokracia.sk\/volby-2023\/wp-content\/uploads\/2023\/09\/Volby-2023-modri-most-hid-.jpg","type":"image\/jpeg"}],"author":"redemokracia","twitter_card":"summary_large_image","twitter_misc":{"Autor":"redemokracia","Predpokladan\u00fd \u010das \u010d\u00edtania":"2 min\u00faty"},"schema":{"@context":"https:\/\/schema.org","@graph":[{"@type":"WebPage","@id":"https:\/\/www.redemokracia.sk\/volby-2023\/modri-most-hid\/","url":"https:\/\/www.redemokracia.sk\/volby-2023\/modri-most-hid\/","name":"Modr\u00ed, Most - H\u00edd - redemokracia","isPartOf":{"@id":"https:\/\/www.redemokracia.sk\/volby-2023\/#website"},"datePublished":"2023-09-06T21:34:45+00:00","dateModified":"2023-09-10T21:55:31+00:00","author":{"@id":"https:\/\/www.redemokracia.sk\/volby-2023\/#\/schema\/person\/bfe7960cd7d4f172780e14797b7c1ddf"},"breadcrumb":{"@id":"https:\/\/www.redemokracia.sk\/volby-2023\/modri-most-hid\/#breadcrumb"},"inLanguage":"sk-SK","potentialAction":[{"@type":"ReadAction","target":["https:\/\/www.redemokracia.sk\/volby-2023\/modri-most-hid\/"]}]},{"@type":"BreadcrumbList","@id":"https:\/\/www.redemokracia.sk\/volby-2023\/modri-most-hid\/#breadcrumb","itemListElement":[{"@type":"ListItem","position":1,"name":"Home","item":"https:\/\/www.redemokracia.sk\/volby-2023\/"},{"@type":"ListItem","position":2,"name":"Modr\u00ed, Most &#8211; H\u00edd"}]},{"@type":"WebSite","@id":"https:\/\/www.redemokracia.sk\/volby-2023\/#website","url":"https:\/\/www.redemokracia.sk\/volby-2023\/","name":"redemokracia","description":"","potentialAction":[{"@type":"SearchAction","target":{"@type":"EntryPoint","urlTemplate":"https:\/\/www.redemokracia.sk\/volby-2023\/?s={search_term_string}"},"query-input":"required name=search_term_string"}],"inLanguage":"sk-SK"},{"@type":"Person","@id":"https:\/\/www.redemokracia.sk\/volby-2023\/#\/schema\/person\/bfe7960cd7d4f172780e14797b7c1ddf","name":"redemokracia","image":{"@type":"ImageObject","inLanguage":"sk-SK","@id":"https:\/\/www.redemokracia.sk\/volby-2023\/#\/schema\/person\/image\/","url":"https:\/\/secure.gravatar.com\/avatar\/9e91f5518f7c99ed60d705e32fe93a6b?s=96&d=mm&r=g","contentUrl":"https:\/\/secure.gravatar.com\/avatar\/9e91f5518f7c99ed60d705e32fe93a6b?s=96&d=mm&r=g","caption":"redemokracia"},"sameAs":["https:\/\/www.redemokracia.sk\/volby-2023"],"url":"https:\/\/www.redemokracia.sk\/volby-2023\/author\/redemokracia\/"}]}},"_links":{"self":[{"href":"https:\/\/www.redemokracia.sk\/volby-2023\/wp-json\/wp\/v2\/posts\/108"}],"collection":[{"href":"https:\/\/www.redemokracia.sk\/volby-2023\/wp-json\/wp\/v2\/posts"}],"about":[{"href":"https:\/\/www.redemokracia.sk\/volby-2023\/wp-json\/wp\/v2\/types\/post"}],"author":[{"embeddable":true,"href":"https:\/\/www.redemokracia.sk\/volby-2023\/wp-json\/wp\/v2\/users\/1"}],"replies":[{"embeddable":true,"href":"https:\/\/www.redemokracia.sk\/volby-2023\/wp-json\/wp\/v2\/comments?post=108"}],"version-history":[{"count":6,"href":"https:\/\/www.redemokracia.sk\/volby-2023\/wp-json\/wp\/v2\/posts\/108\/revisions"}],"predecessor-version":[{"id":575,"href":"https:\/\/www.redemokracia.sk\/volby-2023\/wp-json\/wp\/v2\/posts\/108\/revisions\/575"}],"wp:featuredmedia":[{"embeddable":true,"href":"https:\/\/www.redemokracia.sk\/volby-2023\/wp-json\/wp\/v2\/media\/724"}],"wp:attachment":[{"href":"https:\/\/www.redemokracia.sk\/volby-2023\/wp-json\/wp\/v2\/media?parent=108"}],"wp:term":[{"taxonomy":"category","embeddable":true,"href":"https:\/\/www.redemokracia.sk\/volby-2023\/wp-json\/wp\/v2\/categories?post=108"},{"taxonomy":"post_tag","embeddable":true,"href":"https:\/\/www.redemokracia.sk\/volby-2023\/wp-json\/wp\/v2\/tags?post=108"}],"curies":[{"name":"wp","href":"https:\/\/api.w.org\/{rel}","templated":true}]}}