{"id":120,"date":"2023-09-06T23:37:21","date_gmt":"2023-09-06T21:37:21","guid":{"rendered":"https:\/\/www.redemokracia.sk\/volby-2023\/?p=120"},"modified":"2023-09-10T23:52:40","modified_gmt":"2023-09-10T21:52:40","slug":"sns","status":"publish","type":"post","link":"https:\/\/www.redemokracia.sk\/volby-2023\/sns\/","title":{"rendered":"Slovensk\u00e1 n\u00e1rodn\u00e1 strana"},"content":{"rendered":"\n<p>| SNS&nbsp;| <\/p>\n\n\n\n<p><strong>Volebn\u00e9 \u010d\u00edslo 15&nbsp;<\/strong><\/p>\n\n\n\n<p><strong>Po\u010det kandid\u00e1tov: 150<\/strong><\/p>\n\n\n\n<div style=\"height:30px\" aria-hidden=\"true\" class=\"wp-block-spacer\"><\/div>\n\n\n\n<p>SNS nadv\u00e4zuje na cyrilo-metodsk\u00fa, \u0161t\u00farovsk\u00fa a memorandovsk\u00fa \u0161t\u00e1totvorn\u00fa trad\u00edciu a l\u00edniu \u0161t\u00e1tno-pr\u00e1vnych \u00fakonov ved\u00facich k zvrchovanosti slovensk\u00e9ho n\u00e1roda a suverenite Slovenskej republiky.<\/p>\n\n\n\n<p>Postavenie SNS je v\u00fdnimo\u010dn\u00e9 presadzovan\u00edm absol\u00fatnej programovej priority \u2013 zvrchovanej, suver\u00e9nnej Slovenskej republiky s h\u013eadan\u00edm v\u0161eobecn\u00e9ho dobra pre pr\u00edslu\u0161n\u00edkov \u0161t\u00e1totvorn\u00e9ho slovensk\u00e9ho n\u00e1roda vo svojom vlastnom \u0161t\u00e1te, vr\u00e1tane plnohodnotn\u00e9ho uplatnenia v\u0161etk\u00fdch jej obyvate\u013eov bez rozdielu n\u00e1rodnosti a vyznania.<\/p>\n\n\n\n<ul>\n<li>1. Zastavenie zdra\u017eovania<\/li>\n\n\n\n<li>2. D\u00f4stojn\u00fd \u017eivot seniorov a zdravotne znev\u00fdhodnen\u00fdch<\/li>\n\n\n\n<li>3. Podpora \u0161tudentov a mlad\u00fdch rod\u00edn<\/li>\n\n\n\n<li>4. Podpora podnikate\u013esk\u00e9ho prostredia<\/li>\n\n\n\n<li>5. Dostupn\u00e1 zdravotn\u00e1 starostlivos\u0165<\/li>\n\n\n\n<li>6. Kvalitn\u00e1 dopravn\u00e1 sie\u0165 21. storo\u010dia<\/li>\n\n\n\n<li>7. Rozvoj cestovn\u00e9ho ruchu a \u0161portu<\/li>\n\n\n\n<li>8. Modern\u00e9 a ideologicky neutr\u00e1lne \u0161kolstvo, veda a v\u00fdskum<\/li>\n\n\n\n<li>9. Ochrana n\u00e1rodn\u00e9ho a kult\u00farneho dedi\u010dstva<\/li>\n\n\n\n<li>(Zastav\u00edme financovanie LGBTQIA+ agendy zo \u0161t\u00e1tnych zdrojov.)<\/li>\n\n\n\n<li>10. Pr\u00e1vny a bezpe\u010dn\u00fd \u0161t\u00e1t<\/li>\n\n\n\n<li>11. Modern\u00fd a slobodn\u00fd \u0161t\u00e1t<\/li>\n\n\n\n<li>12. Po\u013enohospod\u00e1rstvo a ochrana \u017eivotn\u00e9ho prostredia<\/li>\n\n\n\n<li>13. Zabezpe\u010denie energetickej bezpe\u010dnosti<\/li>\n\n\n\n<li>14. Obnova obranyschopnosti Slovenskej republiky<\/li>\n\n\n\n<li>15. Efekt\u00edvna a nez\u00e1visl\u00e1 just\u00edcia<\/li>\n<\/ul>\n\n\n\n<p><strong>Viac inform\u00e1ci\u00ed na str\u00e1nke:&nbsp;<a href=\"https:\/\/www.sns.sk\/dokumenty\/volby2023\/\" target=\"_blank\" rel=\"noreferrer noopener\">https:\/\/www.sns.sk\/dokumenty\/volby2023\/<\/a><\/strong><\/p>\n","protected":false},"excerpt":{"rendered":"<p>| SNS&nbsp;| Volebn\u00e9 \u010d\u00edslo 15&nbsp; Po\u010det kandid\u00e1tov: 150 SNS nadv\u00e4zuje na cyrilo-metodsk\u00fa, \u0161t\u00farovsk\u00fa a memorandovsk\u00fa \u0161t\u00e1totvorn\u00fa trad\u00edciu a l\u00edniu \u0161t\u00e1tno-pr\u00e1vnych \u00fakonov ved\u00facich k zvrchovanosti slovensk\u00e9ho n\u00e1roda a suverenite Slovenskej republiky. Postavenie SNS je v\u00fdnimo\u010dn\u00e9 presadzovan\u00edm absol\u00fatnej programovej priority \u2013 zvrchovanej, suver\u00e9nnej Slovenskej republiky s h\u013eadan\u00edm v\u0161eobecn\u00e9ho dobra pre pr\u00edslu\u0161n\u00edkov \u0161t\u00e1totvorn\u00e9ho slovensk\u00e9ho n\u00e1roda vo svojom vlastnom [&hellip;]<\/p>\n","protected":false},"author":1,"featured_media":732,"comment_status":"closed","ping_status":"closed","sticky":false,"template":"","format":"standard","meta":{"_monsterinsights_skip_tracking":false,"_monsterinsights_sitenote_active":false,"_monsterinsights_sitenote_note":"","_monsterinsights_sitenote_category":0},"categories":[36,45,33,35,47],"tags":[24,30,19,27,32,20,29,14,22],"yoast_head":"<!-- This site is optimized with the Yoast SEO plugin v21.1 - https:\/\/yoast.com\/wordpress\/plugins\/seo\/ -->\n<title>Slovensk\u00e1 n\u00e1rodn\u00e1 strana - redemokracia<\/title>\n<meta name=\"robots\" content=\"index, follow, max-snippet:-1, max-image-preview:large, max-video-preview:-1\" \/>\n<link rel=\"canonical\" href=\"https:\/\/www.redemokracia.sk\/volby-2023\/sns\/\" \/>\n<meta property=\"og:locale\" content=\"sk_SK\" \/>\n<meta property=\"og:type\" content=\"article\" \/>\n<meta property=\"og:title\" content=\"Slovensk\u00e1 n\u00e1rodn\u00e1 strana - redemokracia\" \/>\n<meta property=\"og:description\" content=\"| SNS&nbsp;| Volebn\u00e9 \u010d\u00edslo 15&nbsp; Po\u010det kandid\u00e1tov: 150 SNS nadv\u00e4zuje na cyrilo-metodsk\u00fa, \u0161t\u00farovsk\u00fa a memorandovsk\u00fa \u0161t\u00e1totvorn\u00fa trad\u00edciu a l\u00edniu \u0161t\u00e1tno-pr\u00e1vnych \u00fakonov ved\u00facich k zvrchovanosti slovensk\u00e9ho n\u00e1roda a suverenite Slovenskej republiky. Postavenie SNS je v\u00fdnimo\u010dn\u00e9 presadzovan\u00edm absol\u00fatnej programovej priority \u2013 zvrchovanej, suver\u00e9nnej Slovenskej republiky s h\u013eadan\u00edm v\u0161eobecn\u00e9ho dobra pre pr\u00edslu\u0161n\u00edkov \u0161t\u00e1totvorn\u00e9ho slovensk\u00e9ho n\u00e1roda vo svojom vlastnom [&hellip;]\" \/>\n<meta property=\"og:url\" content=\"https:\/\/www.redemokracia.sk\/volby-2023\/sns\/\" \/>\n<meta property=\"og:site_name\" content=\"redemokracia\" \/>\n<meta property=\"article:published_time\" content=\"2023-09-06T21:37:21+00:00\" \/>\n<meta property=\"article:modified_time\" content=\"2023-09-10T21:52:40+00:00\" \/>\n<meta property=\"og:image\" content=\"https:\/\/www.redemokracia.sk\/volby-2023\/wp-content\/uploads\/2023\/09\/Volby-2023-slovenska-narodna-strana-sns-.jpg\" \/>\n\t<meta property=\"og:image:width\" content=\"1292\" \/>\n\t<meta property=\"og:image:height\" content=\"833\" \/>\n\t<meta property=\"og:image:type\" content=\"image\/jpeg\" \/>\n<meta name=\"author\" content=\"redemokracia\" \/>\n<meta name=\"twitter:card\" content=\"summary_large_image\" \/>\n<meta name=\"twitter:label1\" content=\"Autor\" \/>\n\t<meta name=\"twitter:data1\" content=\"redemokracia\" \/>\n\t<meta name=\"twitter:label2\" content=\"Predpokladan\u00fd \u010das \u010d\u00edtania\" \/>\n\t<meta name=\"twitter:data2\" content=\"1 min\u00fata\" \/>\n<script type=\"application\/ld+json\" class=\"yoast-schema-graph\">{\"@context\":\"https:\/\/schema.org\",\"@graph\":[{\"@type\":\"WebPage\",\"@id\":\"https:\/\/www.redemokracia.sk\/volby-2023\/sns\/\",\"url\":\"https:\/\/www.redemokracia.sk\/volby-2023\/sns\/\",\"name\":\"Slovensk\u00e1 n\u00e1rodn\u00e1 strana - redemokracia\",\"isPartOf\":{\"@id\":\"https:\/\/www.redemokracia.sk\/volby-2023\/#website\"},\"datePublished\":\"2023-09-06T21:37:21+00:00\",\"dateModified\":\"2023-09-10T21:52:40+00:00\",\"author\":{\"@id\":\"https:\/\/www.redemokracia.sk\/volby-2023\/#\/schema\/person\/bfe7960cd7d4f172780e14797b7c1ddf\"},\"breadcrumb\":{\"@id\":\"https:\/\/www.redemokracia.sk\/volby-2023\/sns\/#breadcrumb\"},\"inLanguage\":\"sk-SK\",\"potentialAction\":[{\"@type\":\"ReadAction\",\"target\":[\"https:\/\/www.redemokracia.sk\/volby-2023\/sns\/\"]}]},{\"@type\":\"BreadcrumbList\",\"@id\":\"https:\/\/www.redemokracia.sk\/volby-2023\/sns\/#breadcrumb\",\"itemListElement\":[{\"@type\":\"ListItem\",\"position\":1,\"name\":\"Home\",\"item\":\"https:\/\/www.redemokracia.sk\/volby-2023\/\"},{\"@type\":\"ListItem\",\"position\":2,\"name\":\"Slovensk\u00e1 n\u00e1rodn\u00e1 strana\"}]},{\"@type\":\"WebSite\",\"@id\":\"https:\/\/www.redemokracia.sk\/volby-2023\/#website\",\"url\":\"https:\/\/www.redemokracia.sk\/volby-2023\/\",\"name\":\"redemokracia\",\"description\":\"\",\"potentialAction\":[{\"@type\":\"SearchAction\",\"target\":{\"@type\":\"EntryPoint\",\"urlTemplate\":\"https:\/\/www.redemokracia.sk\/volby-2023\/?s={search_term_string}\"},\"query-input\":\"required name=search_term_string\"}],\"inLanguage\":\"sk-SK\"},{\"@type\":\"Person\",\"@id\":\"https:\/\/www.redemokracia.sk\/volby-2023\/#\/schema\/person\/bfe7960cd7d4f172780e14797b7c1ddf\",\"name\":\"redemokracia\",\"image\":{\"@type\":\"ImageObject\",\"inLanguage\":\"sk-SK\",\"@id\":\"https:\/\/www.redemokracia.sk\/volby-2023\/#\/schema\/person\/image\/\",\"url\":\"https:\/\/secure.gravatar.com\/avatar\/9e91f5518f7c99ed60d705e32fe93a6b?s=96&d=mm&r=g\",\"contentUrl\":\"https:\/\/secure.gravatar.com\/avatar\/9e91f5518f7c99ed60d705e32fe93a6b?s=96&d=mm&r=g\",\"caption\":\"redemokracia\"},\"sameAs\":[\"https:\/\/www.redemokracia.sk\/volby-2023\"],\"url\":\"https:\/\/www.redemokracia.sk\/volby-2023\/author\/redemokracia\/\"}]}<\/script>\n<!-- \/ Yoast SEO plugin. -->","yoast_head_json":{"title":"Slovensk\u00e1 n\u00e1rodn\u00e1 strana - redemokracia","robots":{"index":"index","follow":"follow","max-snippet":"max-snippet:-1","max-image-preview":"max-image-preview:large","max-video-preview":"max-video-preview:-1"},"canonical":"https:\/\/www.redemokracia.sk\/volby-2023\/sns\/","og_locale":"sk_SK","og_type":"article","og_title":"Slovensk\u00e1 n\u00e1rodn\u00e1 strana - redemokracia","og_description":"| SNS&nbsp;| Volebn\u00e9 \u010d\u00edslo 15&nbsp; Po\u010det kandid\u00e1tov: 150 SNS nadv\u00e4zuje na cyrilo-metodsk\u00fa, \u0161t\u00farovsk\u00fa a memorandovsk\u00fa \u0161t\u00e1totvorn\u00fa trad\u00edciu a l\u00edniu \u0161t\u00e1tno-pr\u00e1vnych \u00fakonov ved\u00facich k zvrchovanosti slovensk\u00e9ho n\u00e1roda a suverenite Slovenskej republiky. Postavenie SNS je v\u00fdnimo\u010dn\u00e9 presadzovan\u00edm absol\u00fatnej programovej priority \u2013 zvrchovanej, suver\u00e9nnej Slovenskej republiky s h\u013eadan\u00edm v\u0161eobecn\u00e9ho dobra pre pr\u00edslu\u0161n\u00edkov \u0161t\u00e1totvorn\u00e9ho slovensk\u00e9ho n\u00e1roda vo svojom vlastnom [&hellip;]","og_url":"https:\/\/www.redemokracia.sk\/volby-2023\/sns\/","og_site_name":"redemokracia","article_published_time":"2023-09-06T21:37:21+00:00","article_modified_time":"2023-09-10T21:52:40+00:00","og_image":[{"width":1292,"height":833,"url":"https:\/\/www.redemokracia.sk\/volby-2023\/wp-content\/uploads\/2023\/09\/Volby-2023-slovenska-narodna-strana-sns-.jpg","type":"image\/jpeg"}],"author":"redemokracia","twitter_card":"summary_large_image","twitter_misc":{"Autor":"redemokracia","Predpokladan\u00fd \u010das \u010d\u00edtania":"1 min\u00fata"},"schema":{"@context":"https:\/\/schema.org","@graph":[{"@type":"WebPage","@id":"https:\/\/www.redemokracia.sk\/volby-2023\/sns\/","url":"https:\/\/www.redemokracia.sk\/volby-2023\/sns\/","name":"Slovensk\u00e1 n\u00e1rodn\u00e1 strana - redemokracia","isPartOf":{"@id":"https:\/\/www.redemokracia.sk\/volby-2023\/#website"},"datePublished":"2023-09-06T21:37:21+00:00","dateModified":"2023-09-10T21:52:40+00:00","author":{"@id":"https:\/\/www.redemokracia.sk\/volby-2023\/#\/schema\/person\/bfe7960cd7d4f172780e14797b7c1ddf"},"breadcrumb":{"@id":"https:\/\/www.redemokracia.sk\/volby-2023\/sns\/#breadcrumb"},"inLanguage":"sk-SK","potentialAction":[{"@type":"ReadAction","target":["https:\/\/www.redemokracia.sk\/volby-2023\/sns\/"]}]},{"@type":"BreadcrumbList","@id":"https:\/\/www.redemokracia.sk\/volby-2023\/sns\/#breadcrumb","itemListElement":[{"@type":"ListItem","position":1,"name":"Home","item":"https:\/\/www.redemokracia.sk\/volby-2023\/"},{"@type":"ListItem","position":2,"name":"Slovensk\u00e1 n\u00e1rodn\u00e1 strana"}]},{"@type":"WebSite","@id":"https:\/\/www.redemokracia.sk\/volby-2023\/#website","url":"https:\/\/www.redemokracia.sk\/volby-2023\/","name":"redemokracia","description":"","potentialAction":[{"@type":"SearchAction","target":{"@type":"EntryPoint","urlTemplate":"https:\/\/www.redemokracia.sk\/volby-2023\/?s={search_term_string}"},"query-input":"required name=search_term_string"}],"inLanguage":"sk-SK"},{"@type":"Person","@id":"https:\/\/www.redemokracia.sk\/volby-2023\/#\/schema\/person\/bfe7960cd7d4f172780e14797b7c1ddf","name":"redemokracia","image":{"@type":"ImageObject","inLanguage":"sk-SK","@id":"https:\/\/www.redemokracia.sk\/volby-2023\/#\/schema\/person\/image\/","url":"https:\/\/secure.gravatar.com\/avatar\/9e91f5518f7c99ed60d705e32fe93a6b?s=96&d=mm&r=g","contentUrl":"https:\/\/secure.gravatar.com\/avatar\/9e91f5518f7c99ed60d705e32fe93a6b?s=96&d=mm&r=g","caption":"redemokracia"},"sameAs":["https:\/\/www.redemokracia.sk\/volby-2023"],"url":"https:\/\/www.redemokracia.sk\/volby-2023\/author\/redemokracia\/"}]}},"_links":{"self":[{"href":"https:\/\/www.redemokracia.sk\/volby-2023\/wp-json\/wp\/v2\/posts\/120"}],"collection":[{"href":"https:\/\/www.redemokracia.sk\/volby-2023\/wp-json\/wp\/v2\/posts"}],"about":[{"href":"https:\/\/www.redemokracia.sk\/volby-2023\/wp-json\/wp\/v2\/types\/post"}],"author":[{"embeddable":true,"href":"https:\/\/www.redemokracia.sk\/volby-2023\/wp-json\/wp\/v2\/users\/1"}],"replies":[{"embeddable":true,"href":"https:\/\/www.redemokracia.sk\/volby-2023\/wp-json\/wp\/v2\/comments?post=120"}],"version-history":[{"count":6,"href":"https:\/\/www.redemokracia.sk\/volby-2023\/wp-json\/wp\/v2\/posts\/120\/revisions"}],"predecessor-version":[{"id":744,"href":"https:\/\/www.redemokracia.sk\/volby-2023\/wp-json\/wp\/v2\/posts\/120\/revisions\/744"}],"wp:featuredmedia":[{"embeddable":true,"href":"https:\/\/www.redemokracia.sk\/volby-2023\/wp-json\/wp\/v2\/media\/732"}],"wp:attachment":[{"href":"https:\/\/www.redemokracia.sk\/volby-2023\/wp-json\/wp\/v2\/media?parent=120"}],"wp:term":[{"taxonomy":"category","embeddable":true,"href":"https:\/\/www.redemokracia.sk\/volby-2023\/wp-json\/wp\/v2\/categories?post=120"},{"taxonomy":"post_tag","embeddable":true,"href":"https:\/\/www.redemokracia.sk\/volby-2023\/wp-json\/wp\/v2\/tags?post=120"}],"curies":[{"name":"wp","href":"https:\/\/api.w.org\/{rel}","templated":true}]}}