{"id":122,"date":"2023-09-06T23:38:04","date_gmt":"2023-09-06T21:38:04","guid":{"rendered":"https:\/\/www.redemokracia.sk\/volby-2023\/?p=122"},"modified":"2023-09-10T23:52:12","modified_gmt":"2023-09-10T21:52:12","slug":"smer-sd","status":"publish","type":"post","link":"https:\/\/www.redemokracia.sk\/volby-2023\/smer-sd\/","title":{"rendered":"SMER &#8211; soci\u00e1lna demokracia"},"content":{"rendered":"\n<p>| SMER &#8211; SD | &nbsp;<\/p>\n\n\n\n<p><strong>Volebn\u00e9 \u010d\u00edslo 16&nbsp;<\/strong><\/p>\n\n\n\n<p><strong>Po\u010det kandid\u00e1tov: 150<\/strong><\/p>\n\n\n\n<div style=\"height:30px\" aria-hidden=\"true\" class=\"wp-block-spacer\"><\/div>\n\n\n\n<p>\u013davicov\u00e1 strana, ktor\u00e1 presadzuje siln\u00fa poz\u00edciu \u0161t\u00e1tu v ekonomike a zodpovednos\u0165 spolo\u010dnosti za ochranu ohrozen\u00fdch skup\u00edn obyvate\u013estva.<\/p>\n\n\n\n<p>V duchu svojich hodn\u00f4t strana SMER &#8211; SD v\u017edy presadzovala tak\u00fa politiku a podporovala tak\u00e9 z\u00e1kony, ktor\u00e9 boli v prospech \u013eud\u00ed. Ak sa ekonomike dar\u00ed je na\u0161im kr\u00e9dom, \u017ee tento rast musia poc\u00edti\u0165 aj \u013eudia. A to nielen cez rast platov alebo lep\u0161ej dostupnosti zamestnania, ale aj priamo cez slu\u017eby \u0161t\u00e1tu.<\/p>\n\n\n\n<p>Cie\u013eom strany je u\u017e od vzniku v roku 1999 zastupova\u0165 z\u00e1ujmy slab\u0161\u00edch a ohrozen\u00fdch skup\u00edn, v politickom s\u00faboji presadzova\u0165 stabilitu a pokoj v \u0161t\u00e1te a vybudova\u0165 \u00faspe\u0161ne Slovensko.<\/p>\n\n\n\n<ul>\n<li>Soci\u00e1lny \u0161t\u00e1t<\/li>\n\n\n\n<li>Financie a hospod\u00e1rstvo<\/li>\n\n\n\n<li>P\u00f4dohospod\u00e1rstvo a \u017eivotn\u00e9 prostredie<\/li>\n\n\n\n<li>Zdravotn\u00edctvo<\/li>\n\n\n\n<li>\u0160kolstvo<\/li>\n\n\n\n<li>Geopolitika &#8211; N\u00c1VRAT SUVERENITY DO SLOVENSKEJ ZAHRANI\u010cNEJ POLITIKY<\/li>\n\n\n\n<li>Pr\u00e1vny \u0161t\u00e1t<\/li>\n\n\n\n<li>Soc\u00e1lny \u0161t\u00e1t<\/li>\n<\/ul>\n\n\n\n<p><strong>Viac inform\u00e1ci\u00ed na str\u00e1nke:&nbsp;<a href=\"https:\/\/www.strana-smer.sk\" target=\"_blank\" rel=\"noreferrer noopener\">https:\/\/www.strana-smer.sk<\/a><\/strong><\/p>\n","protected":false},"excerpt":{"rendered":"<p>| SMER &#8211; SD | &nbsp; Volebn\u00e9 \u010d\u00edslo 16&nbsp; Po\u010det kandid\u00e1tov: 150 \u013davicov\u00e1 strana, ktor\u00e1 presadzuje siln\u00fa poz\u00edciu \u0161t\u00e1tu v ekonomike a zodpovednos\u0165 spolo\u010dnosti za ochranu ohrozen\u00fdch skup\u00edn obyvate\u013estva. V duchu svojich hodn\u00f4t strana SMER &#8211; SD v\u017edy presadzovala tak\u00fa politiku a podporovala tak\u00e9 z\u00e1kony, ktor\u00e9 boli v prospech \u013eud\u00ed. Ak sa ekonomike dar\u00ed je [&hellip;]<\/p>\n","protected":false},"author":1,"featured_media":735,"comment_status":"closed","ping_status":"closed","sticky":false,"template":"","format":"standard","meta":{"_monsterinsights_skip_tracking":false,"_monsterinsights_sitenote_active":false,"_monsterinsights_sitenote_note":"","_monsterinsights_sitenote_category":0},"categories":[41,45,33,42],"tags":[30,19,32,20,29,14,22,25],"yoast_head":"<!-- This site is optimized with the Yoast SEO plugin v21.1 - https:\/\/yoast.com\/wordpress\/plugins\/seo\/ -->\n<title>SMER - soci\u00e1lna demokracia - redemokracia<\/title>\n<meta name=\"robots\" content=\"index, follow, max-snippet:-1, max-image-preview:large, max-video-preview:-1\" \/>\n<link rel=\"canonical\" href=\"https:\/\/www.redemokracia.sk\/volby-2023\/smer-sd\/\" \/>\n<meta property=\"og:locale\" content=\"sk_SK\" \/>\n<meta property=\"og:type\" content=\"article\" \/>\n<meta property=\"og:title\" content=\"SMER - soci\u00e1lna demokracia - redemokracia\" \/>\n<meta property=\"og:description\" content=\"| SMER &#8211; SD | &nbsp; Volebn\u00e9 \u010d\u00edslo 16&nbsp; Po\u010det kandid\u00e1tov: 150 \u013davicov\u00e1 strana, ktor\u00e1 presadzuje siln\u00fa poz\u00edciu \u0161t\u00e1tu v ekonomike a zodpovednos\u0165 spolo\u010dnosti za ochranu ohrozen\u00fdch skup\u00edn obyvate\u013estva. V duchu svojich hodn\u00f4t strana SMER &#8211; SD v\u017edy presadzovala tak\u00fa politiku a podporovala tak\u00e9 z\u00e1kony, ktor\u00e9 boli v prospech \u013eud\u00ed. Ak sa ekonomike dar\u00ed je [&hellip;]\" \/>\n<meta property=\"og:url\" content=\"https:\/\/www.redemokracia.sk\/volby-2023\/smer-sd\/\" \/>\n<meta property=\"og:site_name\" content=\"redemokracia\" \/>\n<meta property=\"article:published_time\" content=\"2023-09-06T21:38:04+00:00\" \/>\n<meta property=\"article:modified_time\" content=\"2023-09-10T21:52:12+00:00\" \/>\n<meta property=\"og:image\" content=\"https:\/\/www.redemokracia.sk\/volby-2023\/wp-content\/uploads\/2023\/09\/Volby-2023-smer-socialna-demokracia-.jpg\" \/>\n\t<meta property=\"og:image:width\" content=\"1292\" \/>\n\t<meta property=\"og:image:height\" content=\"833\" \/>\n\t<meta property=\"og:image:type\" content=\"image\/jpeg\" \/>\n<meta name=\"author\" content=\"redemokracia\" \/>\n<meta name=\"twitter:card\" content=\"summary_large_image\" \/>\n<meta name=\"twitter:label1\" content=\"Autor\" \/>\n\t<meta name=\"twitter:data1\" content=\"redemokracia\" \/>\n\t<meta name=\"twitter:label2\" content=\"Predpokladan\u00fd \u010das \u010d\u00edtania\" \/>\n\t<meta name=\"twitter:data2\" content=\"1 min\u00fata\" \/>\n<script type=\"application\/ld+json\" class=\"yoast-schema-graph\">{\"@context\":\"https:\/\/schema.org\",\"@graph\":[{\"@type\":\"WebPage\",\"@id\":\"https:\/\/www.redemokracia.sk\/volby-2023\/smer-sd\/\",\"url\":\"https:\/\/www.redemokracia.sk\/volby-2023\/smer-sd\/\",\"name\":\"SMER - soci\u00e1lna demokracia - redemokracia\",\"isPartOf\":{\"@id\":\"https:\/\/www.redemokracia.sk\/volby-2023\/#website\"},\"datePublished\":\"2023-09-06T21:38:04+00:00\",\"dateModified\":\"2023-09-10T21:52:12+00:00\",\"author\":{\"@id\":\"https:\/\/www.redemokracia.sk\/volby-2023\/#\/schema\/person\/bfe7960cd7d4f172780e14797b7c1ddf\"},\"breadcrumb\":{\"@id\":\"https:\/\/www.redemokracia.sk\/volby-2023\/smer-sd\/#breadcrumb\"},\"inLanguage\":\"sk-SK\",\"potentialAction\":[{\"@type\":\"ReadAction\",\"target\":[\"https:\/\/www.redemokracia.sk\/volby-2023\/smer-sd\/\"]}]},{\"@type\":\"BreadcrumbList\",\"@id\":\"https:\/\/www.redemokracia.sk\/volby-2023\/smer-sd\/#breadcrumb\",\"itemListElement\":[{\"@type\":\"ListItem\",\"position\":1,\"name\":\"Home\",\"item\":\"https:\/\/www.redemokracia.sk\/volby-2023\/\"},{\"@type\":\"ListItem\",\"position\":2,\"name\":\"SMER &#8211; soci\u00e1lna demokracia\"}]},{\"@type\":\"WebSite\",\"@id\":\"https:\/\/www.redemokracia.sk\/volby-2023\/#website\",\"url\":\"https:\/\/www.redemokracia.sk\/volby-2023\/\",\"name\":\"redemokracia\",\"description\":\"\",\"potentialAction\":[{\"@type\":\"SearchAction\",\"target\":{\"@type\":\"EntryPoint\",\"urlTemplate\":\"https:\/\/www.redemokracia.sk\/volby-2023\/?s={search_term_string}\"},\"query-input\":\"required name=search_term_string\"}],\"inLanguage\":\"sk-SK\"},{\"@type\":\"Person\",\"@id\":\"https:\/\/www.redemokracia.sk\/volby-2023\/#\/schema\/person\/bfe7960cd7d4f172780e14797b7c1ddf\",\"name\":\"redemokracia\",\"image\":{\"@type\":\"ImageObject\",\"inLanguage\":\"sk-SK\",\"@id\":\"https:\/\/www.redemokracia.sk\/volby-2023\/#\/schema\/person\/image\/\",\"url\":\"https:\/\/secure.gravatar.com\/avatar\/9e91f5518f7c99ed60d705e32fe93a6b?s=96&d=mm&r=g\",\"contentUrl\":\"https:\/\/secure.gravatar.com\/avatar\/9e91f5518f7c99ed60d705e32fe93a6b?s=96&d=mm&r=g\",\"caption\":\"redemokracia\"},\"sameAs\":[\"https:\/\/www.redemokracia.sk\/volby-2023\"],\"url\":\"https:\/\/www.redemokracia.sk\/volby-2023\/author\/redemokracia\/\"}]}<\/script>\n<!-- \/ Yoast SEO plugin. -->","yoast_head_json":{"title":"SMER - soci\u00e1lna demokracia - redemokracia","robots":{"index":"index","follow":"follow","max-snippet":"max-snippet:-1","max-image-preview":"max-image-preview:large","max-video-preview":"max-video-preview:-1"},"canonical":"https:\/\/www.redemokracia.sk\/volby-2023\/smer-sd\/","og_locale":"sk_SK","og_type":"article","og_title":"SMER - soci\u00e1lna demokracia - redemokracia","og_description":"| SMER &#8211; SD | &nbsp; Volebn\u00e9 \u010d\u00edslo 16&nbsp; Po\u010det kandid\u00e1tov: 150 \u013davicov\u00e1 strana, ktor\u00e1 presadzuje siln\u00fa poz\u00edciu \u0161t\u00e1tu v ekonomike a zodpovednos\u0165 spolo\u010dnosti za ochranu ohrozen\u00fdch skup\u00edn obyvate\u013estva. V duchu svojich hodn\u00f4t strana SMER &#8211; SD v\u017edy presadzovala tak\u00fa politiku a podporovala tak\u00e9 z\u00e1kony, ktor\u00e9 boli v prospech \u013eud\u00ed. Ak sa ekonomike dar\u00ed je [&hellip;]","og_url":"https:\/\/www.redemokracia.sk\/volby-2023\/smer-sd\/","og_site_name":"redemokracia","article_published_time":"2023-09-06T21:38:04+00:00","article_modified_time":"2023-09-10T21:52:12+00:00","og_image":[{"width":1292,"height":833,"url":"https:\/\/www.redemokracia.sk\/volby-2023\/wp-content\/uploads\/2023\/09\/Volby-2023-smer-socialna-demokracia-.jpg","type":"image\/jpeg"}],"author":"redemokracia","twitter_card":"summary_large_image","twitter_misc":{"Autor":"redemokracia","Predpokladan\u00fd \u010das \u010d\u00edtania":"1 min\u00fata"},"schema":{"@context":"https:\/\/schema.org","@graph":[{"@type":"WebPage","@id":"https:\/\/www.redemokracia.sk\/volby-2023\/smer-sd\/","url":"https:\/\/www.redemokracia.sk\/volby-2023\/smer-sd\/","name":"SMER - soci\u00e1lna demokracia - redemokracia","isPartOf":{"@id":"https:\/\/www.redemokracia.sk\/volby-2023\/#website"},"datePublished":"2023-09-06T21:38:04+00:00","dateModified":"2023-09-10T21:52:12+00:00","author":{"@id":"https:\/\/www.redemokracia.sk\/volby-2023\/#\/schema\/person\/bfe7960cd7d4f172780e14797b7c1ddf"},"breadcrumb":{"@id":"https:\/\/www.redemokracia.sk\/volby-2023\/smer-sd\/#breadcrumb"},"inLanguage":"sk-SK","potentialAction":[{"@type":"ReadAction","target":["https:\/\/www.redemokracia.sk\/volby-2023\/smer-sd\/"]}]},{"@type":"BreadcrumbList","@id":"https:\/\/www.redemokracia.sk\/volby-2023\/smer-sd\/#breadcrumb","itemListElement":[{"@type":"ListItem","position":1,"name":"Home","item":"https:\/\/www.redemokracia.sk\/volby-2023\/"},{"@type":"ListItem","position":2,"name":"SMER &#8211; soci\u00e1lna demokracia"}]},{"@type":"WebSite","@id":"https:\/\/www.redemokracia.sk\/volby-2023\/#website","url":"https:\/\/www.redemokracia.sk\/volby-2023\/","name":"redemokracia","description":"","potentialAction":[{"@type":"SearchAction","target":{"@type":"EntryPoint","urlTemplate":"https:\/\/www.redemokracia.sk\/volby-2023\/?s={search_term_string}"},"query-input":"required name=search_term_string"}],"inLanguage":"sk-SK"},{"@type":"Person","@id":"https:\/\/www.redemokracia.sk\/volby-2023\/#\/schema\/person\/bfe7960cd7d4f172780e14797b7c1ddf","name":"redemokracia","image":{"@type":"ImageObject","inLanguage":"sk-SK","@id":"https:\/\/www.redemokracia.sk\/volby-2023\/#\/schema\/person\/image\/","url":"https:\/\/secure.gravatar.com\/avatar\/9e91f5518f7c99ed60d705e32fe93a6b?s=96&d=mm&r=g","contentUrl":"https:\/\/secure.gravatar.com\/avatar\/9e91f5518f7c99ed60d705e32fe93a6b?s=96&d=mm&r=g","caption":"redemokracia"},"sameAs":["https:\/\/www.redemokracia.sk\/volby-2023"],"url":"https:\/\/www.redemokracia.sk\/volby-2023\/author\/redemokracia\/"}]}},"_links":{"self":[{"href":"https:\/\/www.redemokracia.sk\/volby-2023\/wp-json\/wp\/v2\/posts\/122"}],"collection":[{"href":"https:\/\/www.redemokracia.sk\/volby-2023\/wp-json\/wp\/v2\/posts"}],"about":[{"href":"https:\/\/www.redemokracia.sk\/volby-2023\/wp-json\/wp\/v2\/types\/post"}],"author":[{"embeddable":true,"href":"https:\/\/www.redemokracia.sk\/volby-2023\/wp-json\/wp\/v2\/users\/1"}],"replies":[{"embeddable":true,"href":"https:\/\/www.redemokracia.sk\/volby-2023\/wp-json\/wp\/v2\/comments?post=122"}],"version-history":[{"count":6,"href":"https:\/\/www.redemokracia.sk\/volby-2023\/wp-json\/wp\/v2\/posts\/122\/revisions"}],"predecessor-version":[{"id":574,"href":"https:\/\/www.redemokracia.sk\/volby-2023\/wp-json\/wp\/v2\/posts\/122\/revisions\/574"}],"wp:featuredmedia":[{"embeddable":true,"href":"https:\/\/www.redemokracia.sk\/volby-2023\/wp-json\/wp\/v2\/media\/735"}],"wp:attachment":[{"href":"https:\/\/www.redemokracia.sk\/volby-2023\/wp-json\/wp\/v2\/media?parent=122"}],"wp:term":[{"taxonomy":"category","embeddable":true,"href":"https:\/\/www.redemokracia.sk\/volby-2023\/wp-json\/wp\/v2\/categories?post=122"},{"taxonomy":"post_tag","embeddable":true,"href":"https:\/\/www.redemokracia.sk\/volby-2023\/wp-json\/wp\/v2\/tags?post=122"}],"curies":[{"name":"wp","href":"https:\/\/api.w.org\/{rel}","templated":true}]}}