{"id":124,"date":"2023-09-06T23:38:39","date_gmt":"2023-09-06T21:38:39","guid":{"rendered":"https:\/\/www.redemokracia.sk\/volby-2023\/?p=124"},"modified":"2023-09-10T23:51:23","modified_gmt":"2023-09-10T21:51:23","slug":"hlas-sd","status":"publish","type":"post","link":"https:\/\/www.redemokracia.sk\/volby-2023\/hlas-sd\/","title":{"rendered":"HLAS &#8211; soci\u00e1lna demokracia"},"content":{"rendered":"\n<p>| HLAS &#8211; SD | &nbsp;<\/p>\n\n\n\n<p><strong>Volebn\u00e9 \u010d\u00edslo 17&nbsp;<\/strong><\/p>\n\n\n\n<p><strong>Po\u010det kandid\u00e1tov: 150<\/strong><\/p>\n\n\n\n<div style=\"height:30px\" aria-hidden=\"true\" class=\"wp-block-spacer\"><\/div>\n\n\n\n<ul>\n<li>Chceme by\u0165 hlasom soci\u00e1lnej demokracie \u2013 pracuj\u00facich, slab\u0161\u00edch, chor\u00fdch, v\u0161etk\u00fdch, ktor\u00ed potrebuj\u00fa pomoc.&nbsp;<\/li>\n\n\n\n<li>Chceme by\u0165 hlasom mlad\u00fdch rod\u00edn aj seniorov.&nbsp;<\/li>\n\n\n\n<li>Chceme by\u0165 hlasom v\u0161etk\u00fdch slovensk\u00fdch regi\u00f3nov.<\/li>\n\n\n\n<li>Chceme by\u0165 hlasom hrd\u00e9ho Slovenska v zahrani\u010d\u00ed.&nbsp;<\/li>\n\n\n\n<li>Chceme by\u0165 hlasom pre \u00faspe\u0161n\u00fa bud\u00facnos\u0165 na\u0161ej vlasti.<\/li>\n<\/ul>\n\n\n\n<p>Programov\u00fdmi cie\u013emi strany, ktor\u00e9 sa v r\u00e1mci svojej \u010dinnosti sna\u017e\u00ed presadi\u0165 s\u00fa najm\u00e4:<\/p>\n\n\n\n<ul>\n<li>a) d\u00f4stojn\u00fd \u017eivot \u010dloveka,<br>b) zabezpe\u010denie a posilnenie soci\u00e1lnych pr\u00e1v obyvate\u013eov,<\/li>\n\n\n\n<li>c) poskytn\u00fa\u0165 ochranu a pomoc rodin\u00e1m, seniorom, chor\u00fdm a in\u00fdm \u013eu\u010fom, ktor\u00ed potrebuj\u00fa aby im \u0161t\u00e1t poskytoval podporu,<\/li>\n\n\n\n<li>d) zabezpe\u010denie solidarity v spolo\u010dnosti,<\/li>\n\n\n\n<li>e) d\u00f4raz na spravodlivos\u0165, pr\u00e1vny \u0161t\u00e1t a etick\u00e9 hodnoty v spolo\u010dnosti, akt\u00edvny boj proti korupcii,<\/li>\n\n\n\n<li>f) zabezpe\u010denie modernej a kvalitnej zdravotnej starostlivosti dostupnej pre v\u0161etk\u00fdch obyvate\u013eov a z\u00e1rove\u0148 poskytnutie d\u00f4stojn\u00fdch pracovn\u00fdch podmienok pre zamestnancov v zdravotn\u00edctve,<\/li>\n\n\n\n<li>g) garancia dostupnosti vzdelania vo v\u0161etk\u00fdch stup\u0148och, d\u00f4raz na podporu kvalitnej vedecko-v\u00fdskumnej \u010dinnosti a konkurencie-schopnosti slovensk\u00fdch vzdel\u00e1vac\u00edch in\u0161tit\u00faci\u00ed v eur\u00f3pskom i svetovom meradle,<\/li>\n\n\n\n<li>h) vytv\u00e1ra\u0165 tak\u00e9 politiky, ktor\u00e9 bud\u00fa pristupova\u0165 zodpovedne k \u017eivotn\u00e9mu prostrediu s oh\u013eadom na princ\u00edpy trvalo udr\u017eate\u013en\u00e9ho rozvoja a bojova\u0165 proti klimatick\u00fdm zmen\u00e1m,<\/li>\n\n\n\n<li>i) ochrana n\u00e1rodn\u00e9ho kult\u00farneho a pr\u00edrodn\u00e9ho dedi\u010dstva a jeho zachovanie pre \u010fal\u0161ie gener\u00e1cie,<\/li>\n\n\n\n<li>j) d\u00f4stojne reprezentova\u0165 Slovensk\u00fa republiku vzahrani\u010d\u00ed a hl\u00e1si\u0165 sa ku kooper\u00e1ci\u00ed a spolupr\u00e1ci v r\u00e1mci eur\u00f3pskych n\u00e1rodov.<\/li>\n<\/ul>\n\n\n\n<p><strong>Viac inform\u00e1ci\u00ed na str\u00e1nke: <a href=\"https:\/\/strana-hlas.sk\" target=\"_blank\" rel=\"noreferrer noopener\">https:\/\/strana-hlas.sk<\/a><\/strong><\/p>\n","protected":false},"excerpt":{"rendered":"<p>| HLAS &#8211; SD | &nbsp; Volebn\u00e9 \u010d\u00edslo 17&nbsp; Po\u010det kandid\u00e1tov: 150 Programov\u00fdmi cie\u013emi strany, ktor\u00e9 sa v r\u00e1mci svojej \u010dinnosti sna\u017e\u00ed presadi\u0165 s\u00fa najm\u00e4: Viac inform\u00e1ci\u00ed na str\u00e1nke: https:\/\/strana-hlas.sk<\/p>\n","protected":false},"author":1,"featured_media":718,"comment_status":"closed","ping_status":"closed","sticky":false,"template":"","format":"standard","meta":{"_monsterinsights_skip_tracking":false,"_monsterinsights_sitenote_active":false,"_monsterinsights_sitenote_note":"","_monsterinsights_sitenote_category":0},"categories":[41,45,33,42],"tags":[30,19,32,29,14,22],"yoast_head":"<!-- This site is optimized with the Yoast SEO plugin v21.1 - https:\/\/yoast.com\/wordpress\/plugins\/seo\/ -->\n<title>HLAS - soci\u00e1lna demokracia - redemokracia<\/title>\n<meta name=\"robots\" content=\"index, follow, max-snippet:-1, max-image-preview:large, max-video-preview:-1\" \/>\n<link rel=\"canonical\" href=\"https:\/\/www.redemokracia.sk\/volby-2023\/hlas-sd\/\" \/>\n<meta property=\"og:locale\" content=\"sk_SK\" \/>\n<meta property=\"og:type\" content=\"article\" \/>\n<meta property=\"og:title\" content=\"HLAS - soci\u00e1lna demokracia - redemokracia\" \/>\n<meta property=\"og:description\" content=\"| HLAS &#8211; SD | &nbsp; Volebn\u00e9 \u010d\u00edslo 17&nbsp; Po\u010det kandid\u00e1tov: 150 Programov\u00fdmi cie\u013emi strany, ktor\u00e9 sa v r\u00e1mci svojej \u010dinnosti sna\u017e\u00ed presadi\u0165 s\u00fa najm\u00e4: Viac inform\u00e1ci\u00ed na str\u00e1nke: https:\/\/strana-hlas.sk\" \/>\n<meta property=\"og:url\" content=\"https:\/\/www.redemokracia.sk\/volby-2023\/hlas-sd\/\" \/>\n<meta property=\"og:site_name\" content=\"redemokracia\" \/>\n<meta property=\"article:published_time\" content=\"2023-09-06T21:38:39+00:00\" \/>\n<meta property=\"article:modified_time\" content=\"2023-09-10T21:51:23+00:00\" \/>\n<meta property=\"og:image\" content=\"https:\/\/www.redemokracia.sk\/volby-2023\/wp-content\/uploads\/2023\/09\/Volby-2023-hlas-socialna-demokracia-.jpg\" \/>\n\t<meta property=\"og:image:width\" content=\"1292\" \/>\n\t<meta property=\"og:image:height\" content=\"833\" \/>\n\t<meta property=\"og:image:type\" content=\"image\/jpeg\" \/>\n<meta name=\"author\" content=\"redemokracia\" \/>\n<meta name=\"twitter:card\" content=\"summary_large_image\" \/>\n<meta name=\"twitter:label1\" content=\"Autor\" \/>\n\t<meta name=\"twitter:data1\" content=\"redemokracia\" \/>\n\t<meta name=\"twitter:label2\" content=\"Predpokladan\u00fd \u010das \u010d\u00edtania\" \/>\n\t<meta name=\"twitter:data2\" content=\"2 min\u00faty\" \/>\n<script type=\"application\/ld+json\" class=\"yoast-schema-graph\">{\"@context\":\"https:\/\/schema.org\",\"@graph\":[{\"@type\":\"WebPage\",\"@id\":\"https:\/\/www.redemokracia.sk\/volby-2023\/hlas-sd\/\",\"url\":\"https:\/\/www.redemokracia.sk\/volby-2023\/hlas-sd\/\",\"name\":\"HLAS - soci\u00e1lna demokracia - redemokracia\",\"isPartOf\":{\"@id\":\"https:\/\/www.redemokracia.sk\/volby-2023\/#website\"},\"datePublished\":\"2023-09-06T21:38:39+00:00\",\"dateModified\":\"2023-09-10T21:51:23+00:00\",\"author\":{\"@id\":\"https:\/\/www.redemokracia.sk\/volby-2023\/#\/schema\/person\/bfe7960cd7d4f172780e14797b7c1ddf\"},\"breadcrumb\":{\"@id\":\"https:\/\/www.redemokracia.sk\/volby-2023\/hlas-sd\/#breadcrumb\"},\"inLanguage\":\"sk-SK\",\"potentialAction\":[{\"@type\":\"ReadAction\",\"target\":[\"https:\/\/www.redemokracia.sk\/volby-2023\/hlas-sd\/\"]}]},{\"@type\":\"BreadcrumbList\",\"@id\":\"https:\/\/www.redemokracia.sk\/volby-2023\/hlas-sd\/#breadcrumb\",\"itemListElement\":[{\"@type\":\"ListItem\",\"position\":1,\"name\":\"Home\",\"item\":\"https:\/\/www.redemokracia.sk\/volby-2023\/\"},{\"@type\":\"ListItem\",\"position\":2,\"name\":\"HLAS &#8211; soci\u00e1lna demokracia\"}]},{\"@type\":\"WebSite\",\"@id\":\"https:\/\/www.redemokracia.sk\/volby-2023\/#website\",\"url\":\"https:\/\/www.redemokracia.sk\/volby-2023\/\",\"name\":\"redemokracia\",\"description\":\"\",\"potentialAction\":[{\"@type\":\"SearchAction\",\"target\":{\"@type\":\"EntryPoint\",\"urlTemplate\":\"https:\/\/www.redemokracia.sk\/volby-2023\/?s={search_term_string}\"},\"query-input\":\"required name=search_term_string\"}],\"inLanguage\":\"sk-SK\"},{\"@type\":\"Person\",\"@id\":\"https:\/\/www.redemokracia.sk\/volby-2023\/#\/schema\/person\/bfe7960cd7d4f172780e14797b7c1ddf\",\"name\":\"redemokracia\",\"image\":{\"@type\":\"ImageObject\",\"inLanguage\":\"sk-SK\",\"@id\":\"https:\/\/www.redemokracia.sk\/volby-2023\/#\/schema\/person\/image\/\",\"url\":\"https:\/\/secure.gravatar.com\/avatar\/9e91f5518f7c99ed60d705e32fe93a6b?s=96&d=mm&r=g\",\"contentUrl\":\"https:\/\/secure.gravatar.com\/avatar\/9e91f5518f7c99ed60d705e32fe93a6b?s=96&d=mm&r=g\",\"caption\":\"redemokracia\"},\"sameAs\":[\"https:\/\/www.redemokracia.sk\/volby-2023\"],\"url\":\"https:\/\/www.redemokracia.sk\/volby-2023\/author\/redemokracia\/\"}]}<\/script>\n<!-- \/ Yoast SEO plugin. -->","yoast_head_json":{"title":"HLAS - soci\u00e1lna demokracia - redemokracia","robots":{"index":"index","follow":"follow","max-snippet":"max-snippet:-1","max-image-preview":"max-image-preview:large","max-video-preview":"max-video-preview:-1"},"canonical":"https:\/\/www.redemokracia.sk\/volby-2023\/hlas-sd\/","og_locale":"sk_SK","og_type":"article","og_title":"HLAS - soci\u00e1lna demokracia - redemokracia","og_description":"| HLAS &#8211; SD | &nbsp; Volebn\u00e9 \u010d\u00edslo 17&nbsp; Po\u010det kandid\u00e1tov: 150 Programov\u00fdmi cie\u013emi strany, ktor\u00e9 sa v r\u00e1mci svojej \u010dinnosti sna\u017e\u00ed presadi\u0165 s\u00fa najm\u00e4: Viac inform\u00e1ci\u00ed na str\u00e1nke: https:\/\/strana-hlas.sk","og_url":"https:\/\/www.redemokracia.sk\/volby-2023\/hlas-sd\/","og_site_name":"redemokracia","article_published_time":"2023-09-06T21:38:39+00:00","article_modified_time":"2023-09-10T21:51:23+00:00","og_image":[{"width":1292,"height":833,"url":"https:\/\/www.redemokracia.sk\/volby-2023\/wp-content\/uploads\/2023\/09\/Volby-2023-hlas-socialna-demokracia-.jpg","type":"image\/jpeg"}],"author":"redemokracia","twitter_card":"summary_large_image","twitter_misc":{"Autor":"redemokracia","Predpokladan\u00fd \u010das \u010d\u00edtania":"2 min\u00faty"},"schema":{"@context":"https:\/\/schema.org","@graph":[{"@type":"WebPage","@id":"https:\/\/www.redemokracia.sk\/volby-2023\/hlas-sd\/","url":"https:\/\/www.redemokracia.sk\/volby-2023\/hlas-sd\/","name":"HLAS - soci\u00e1lna demokracia - redemokracia","isPartOf":{"@id":"https:\/\/www.redemokracia.sk\/volby-2023\/#website"},"datePublished":"2023-09-06T21:38:39+00:00","dateModified":"2023-09-10T21:51:23+00:00","author":{"@id":"https:\/\/www.redemokracia.sk\/volby-2023\/#\/schema\/person\/bfe7960cd7d4f172780e14797b7c1ddf"},"breadcrumb":{"@id":"https:\/\/www.redemokracia.sk\/volby-2023\/hlas-sd\/#breadcrumb"},"inLanguage":"sk-SK","potentialAction":[{"@type":"ReadAction","target":["https:\/\/www.redemokracia.sk\/volby-2023\/hlas-sd\/"]}]},{"@type":"BreadcrumbList","@id":"https:\/\/www.redemokracia.sk\/volby-2023\/hlas-sd\/#breadcrumb","itemListElement":[{"@type":"ListItem","position":1,"name":"Home","item":"https:\/\/www.redemokracia.sk\/volby-2023\/"},{"@type":"ListItem","position":2,"name":"HLAS &#8211; soci\u00e1lna demokracia"}]},{"@type":"WebSite","@id":"https:\/\/www.redemokracia.sk\/volby-2023\/#website","url":"https:\/\/www.redemokracia.sk\/volby-2023\/","name":"redemokracia","description":"","potentialAction":[{"@type":"SearchAction","target":{"@type":"EntryPoint","urlTemplate":"https:\/\/www.redemokracia.sk\/volby-2023\/?s={search_term_string}"},"query-input":"required name=search_term_string"}],"inLanguage":"sk-SK"},{"@type":"Person","@id":"https:\/\/www.redemokracia.sk\/volby-2023\/#\/schema\/person\/bfe7960cd7d4f172780e14797b7c1ddf","name":"redemokracia","image":{"@type":"ImageObject","inLanguage":"sk-SK","@id":"https:\/\/www.redemokracia.sk\/volby-2023\/#\/schema\/person\/image\/","url":"https:\/\/secure.gravatar.com\/avatar\/9e91f5518f7c99ed60d705e32fe93a6b?s=96&d=mm&r=g","contentUrl":"https:\/\/secure.gravatar.com\/avatar\/9e91f5518f7c99ed60d705e32fe93a6b?s=96&d=mm&r=g","caption":"redemokracia"},"sameAs":["https:\/\/www.redemokracia.sk\/volby-2023"],"url":"https:\/\/www.redemokracia.sk\/volby-2023\/author\/redemokracia\/"}]}},"_links":{"self":[{"href":"https:\/\/www.redemokracia.sk\/volby-2023\/wp-json\/wp\/v2\/posts\/124"}],"collection":[{"href":"https:\/\/www.redemokracia.sk\/volby-2023\/wp-json\/wp\/v2\/posts"}],"about":[{"href":"https:\/\/www.redemokracia.sk\/volby-2023\/wp-json\/wp\/v2\/types\/post"}],"author":[{"embeddable":true,"href":"https:\/\/www.redemokracia.sk\/volby-2023\/wp-json\/wp\/v2\/users\/1"}],"replies":[{"embeddable":true,"href":"https:\/\/www.redemokracia.sk\/volby-2023\/wp-json\/wp\/v2\/comments?post=124"}],"version-history":[{"count":6,"href":"https:\/\/www.redemokracia.sk\/volby-2023\/wp-json\/wp\/v2\/posts\/124\/revisions"}],"predecessor-version":[{"id":544,"href":"https:\/\/www.redemokracia.sk\/volby-2023\/wp-json\/wp\/v2\/posts\/124\/revisions\/544"}],"wp:featuredmedia":[{"embeddable":true,"href":"https:\/\/www.redemokracia.sk\/volby-2023\/wp-json\/wp\/v2\/media\/718"}],"wp:attachment":[{"href":"https:\/\/www.redemokracia.sk\/volby-2023\/wp-json\/wp\/v2\/media?parent=124"}],"wp:term":[{"taxonomy":"category","embeddable":true,"href":"https:\/\/www.redemokracia.sk\/volby-2023\/wp-json\/wp\/v2\/categories?post=124"},{"taxonomy":"post_tag","embeddable":true,"href":"https:\/\/www.redemokracia.sk\/volby-2023\/wp-json\/wp\/v2\/tags?post=124"}],"curies":[{"name":"wp","href":"https:\/\/api.w.org\/{rel}","templated":true}]}}