{"id":126,"date":"2023-09-06T23:39:43","date_gmt":"2023-09-06T21:39:43","guid":{"rendered":"https:\/\/www.redemokracia.sk\/volby-2023\/?p=126"},"modified":"2023-09-10T23:50:56","modified_gmt":"2023-09-10T21:50:56","slug":"szovetseg-aliancia","status":"publish","type":"post","link":"https:\/\/www.redemokracia.sk\/volby-2023\/szovetseg-aliancia\/","title":{"rendered":"SZ\u00d6VETS\u00c9G &#8211; Magyarok. Nemzetis\u00e9gek. Regi\u00f3k. | ALIANCIA &#8211; Ma\u010fari. N\u00e1rodnosti. Regi\u00f3ny"},"content":{"rendered":"\n<p>| SZ\u00d6VETS\u00c9G &#8211; ALIANCIA | <\/p>\n\n\n\n<p><strong>Volebn\u00e9 \u010d\u00edslo 18&nbsp;<\/strong><\/p>\n\n\n\n<p><strong>Po\u010det kandid\u00e1tov:&nbsp; 149<\/strong><\/p>\n\n\n\n<div style=\"height:30px\" aria-hidden=\"true\" class=\"wp-block-spacer\"><\/div>\n\n\n\n<p>Ma\u010farsk\u00e1 komunita na Slovensku je neoddelite\u013enou s\u00fa\u010das\u0165ou ma\u010farsk\u00e9ho kult\u00farneho a etnick\u00e9ho n\u00e1roda. Jazykovo patr\u00ed do ma\u010farsk\u00e9ho kult\u00farneho okruhu.<\/p>\n\n\n\n<p>Na\u0161\u00edm hlavn\u00fdm cie\u013eom vo vz\u0165ahu ku komunite (aj vo vz\u0165ahu k \u010fal\u0161\u00edm komunit\u00e1m) je zachova\u0165 a rozv\u00edja\u0165 jej jazykov\u00fa, kult\u00farnu a n\u00e1rodn\u00fa identitu na individu\u00e1lnej a komunitnej \u00farovni a budovanie potrebn\u00e9ho pr\u00e1vneho a in\u0161titucion\u00e1lneho syst\u00e9mu na z\u00e1klade najlep\u0161\u00edch eur\u00f3pskych pr\u00edkladov. Pri t\u00e9me \u0161t\u00e1tneho ob\u010dianstva je nevyhnutn\u00e9 obnovi\u0165 pr\u00e1vny stav spred roku 2010. Na\u0161\u00edm cie\u013eom je dosiahnu\u0165 rovnos\u0165 vo v\u0161etk\u00fdch oblastiach \u017eivota. Pri v\u0161etk\u00fdch reform\u00e1ch je potrebn\u00e9 zoh\u013eadni\u0165 z\u00e1ujmy n\u00e1rodnostn\u00fdch men\u0161\u00edn.<\/p>\n\n\n\n<ul>\n<li>Rodinn\u00e1 politika, soci\u00e1lne veci<\/li>\n\n\n\n<li>Zdravie<\/li>\n\n\n\n<li>Vzdel\u00e1vanie<\/li>\n\n\n\n<li>Kult\u00fara<\/li>\n\n\n\n<li>Men\u0161inov\u00e9 z\u00e1le\u017eitosti<\/li>\n\n\n\n<li>Infrastrukt\u00fara<\/li>\n\n\n\n<li>\u017divotn\u00e9 prostredie<\/li>\n\n\n\n<li>Region\u00e1lny rozvoj<\/li>\n\n\n\n<li>Po\u013enohospod\u00e1rstvo, rozvoj vidieka<\/li>\n\n\n\n<li>Verejn\u00e1 spr\u00e1va<\/li>\n\n\n\n<li>Financie, hospod\u00e1rska politika<\/li>\n\n\n\n<li>Energetika<\/li>\n\n\n\n<li>Boj proti korupcii, pr\u00e1vny \u0161t\u00e1t<\/li>\n\n\n\n<li>Zahrani\u010dn\u00e1 politika, bezpe\u010dnostn\u00e1 politika<\/li>\n<\/ul>\n\n\n\n<p><strong>Viac inform\u00e1ci\u00ed na str\u00e1nke:&nbsp;<a href=\"https:\/\/strana-aliancia.sk\/spravy\/volebny-program-aliancie\" target=\"_blank\" rel=\"noreferrer noopener\">https:\/\/strana-aliancia.sk\/spravy\/volebny-program-aliancie<\/a><\/strong><\/p>\n","protected":false},"excerpt":{"rendered":"<p>| SZ\u00d6VETS\u00c9G &#8211; ALIANCIA | Volebn\u00e9 \u010d\u00edslo 18&nbsp; Po\u010det kandid\u00e1tov:&nbsp; 149 Ma\u010farsk\u00e1 komunita na Slovensku je neoddelite\u013enou s\u00fa\u010das\u0165ou ma\u010farsk\u00e9ho kult\u00farneho a etnick\u00e9ho n\u00e1roda. Jazykovo patr\u00ed do ma\u010farsk\u00e9ho kult\u00farneho okruhu. Na\u0161\u00edm hlavn\u00fdm cie\u013eom vo vz\u0165ahu ku komunite (aj vo vz\u0165ahu k \u010fal\u0161\u00edm komunit\u00e1m) je zachova\u0165 a rozv\u00edja\u0165 jej jazykov\u00fa, kult\u00farnu a n\u00e1rodn\u00fa identitu na individu\u00e1lnej a [&hellip;]<\/p>\n","protected":false},"author":1,"featured_media":716,"comment_status":"closed","ping_status":"closed","sticky":false,"template":"","format":"standard","meta":{"_monsterinsights_skip_tracking":false,"_monsterinsights_sitenote_active":false,"_monsterinsights_sitenote_note":"","_monsterinsights_sitenote_category":0},"categories":[40,45,37],"tags":[30,18,19,28,21,32,20,29,14,22],"yoast_head":"<!-- This site is optimized with the Yoast SEO plugin v21.1 - https:\/\/yoast.com\/wordpress\/plugins\/seo\/ -->\n<title>SZ\u00d6VETS\u00c9G - Magyarok. Nemzetis\u00e9gek. Regi\u00f3k. | ALIANCIA - Ma\u010fari. N\u00e1rodnosti. Regi\u00f3ny - redemokracia<\/title>\n<meta name=\"robots\" content=\"index, follow, max-snippet:-1, max-image-preview:large, max-video-preview:-1\" \/>\n<link rel=\"canonical\" href=\"https:\/\/www.redemokracia.sk\/volby-2023\/szovetseg-aliancia\/\" \/>\n<meta property=\"og:locale\" content=\"sk_SK\" \/>\n<meta property=\"og:type\" content=\"article\" \/>\n<meta property=\"og:title\" content=\"SZ\u00d6VETS\u00c9G - Magyarok. Nemzetis\u00e9gek. Regi\u00f3k. | ALIANCIA - Ma\u010fari. N\u00e1rodnosti. Regi\u00f3ny - redemokracia\" \/>\n<meta property=\"og:description\" content=\"| SZ\u00d6VETS\u00c9G &#8211; ALIANCIA | Volebn\u00e9 \u010d\u00edslo 18&nbsp; Po\u010det kandid\u00e1tov:&nbsp; 149 Ma\u010farsk\u00e1 komunita na Slovensku je neoddelite\u013enou s\u00fa\u010das\u0165ou ma\u010farsk\u00e9ho kult\u00farneho a etnick\u00e9ho n\u00e1roda. Jazykovo patr\u00ed do ma\u010farsk\u00e9ho kult\u00farneho okruhu. Na\u0161\u00edm hlavn\u00fdm cie\u013eom vo vz\u0165ahu ku komunite (aj vo vz\u0165ahu k \u010fal\u0161\u00edm komunit\u00e1m) je zachova\u0165 a rozv\u00edja\u0165 jej jazykov\u00fa, kult\u00farnu a n\u00e1rodn\u00fa identitu na individu\u00e1lnej a [&hellip;]\" \/>\n<meta property=\"og:url\" content=\"https:\/\/www.redemokracia.sk\/volby-2023\/szovetseg-aliancia\/\" \/>\n<meta property=\"og:site_name\" content=\"redemokracia\" \/>\n<meta property=\"article:published_time\" content=\"2023-09-06T21:39:43+00:00\" \/>\n<meta property=\"article:modified_time\" content=\"2023-09-10T21:50:56+00:00\" \/>\n<meta property=\"og:image\" content=\"https:\/\/www.redemokracia.sk\/volby-2023\/wp-content\/uploads\/2023\/09\/Volby-2023-aliancia-.jpg\" \/>\n\t<meta property=\"og:image:width\" content=\"1292\" \/>\n\t<meta property=\"og:image:height\" content=\"833\" \/>\n\t<meta property=\"og:image:type\" content=\"image\/jpeg\" \/>\n<meta name=\"author\" content=\"redemokracia\" \/>\n<meta name=\"twitter:card\" content=\"summary_large_image\" \/>\n<meta name=\"twitter:label1\" content=\"Autor\" \/>\n\t<meta name=\"twitter:data1\" content=\"redemokracia\" \/>\n\t<meta name=\"twitter:label2\" content=\"Predpokladan\u00fd \u010das \u010d\u00edtania\" \/>\n\t<meta name=\"twitter:data2\" content=\"1 min\u00fata\" \/>\n<script type=\"application\/ld+json\" class=\"yoast-schema-graph\">{\"@context\":\"https:\/\/schema.org\",\"@graph\":[{\"@type\":\"WebPage\",\"@id\":\"https:\/\/www.redemokracia.sk\/volby-2023\/szovetseg-aliancia\/\",\"url\":\"https:\/\/www.redemokracia.sk\/volby-2023\/szovetseg-aliancia\/\",\"name\":\"SZ\u00d6VETS\u00c9G - Magyarok. Nemzetis\u00e9gek. Regi\u00f3k. | ALIANCIA - Ma\u010fari. N\u00e1rodnosti. Regi\u00f3ny - redemokracia\",\"isPartOf\":{\"@id\":\"https:\/\/www.redemokracia.sk\/volby-2023\/#website\"},\"datePublished\":\"2023-09-06T21:39:43+00:00\",\"dateModified\":\"2023-09-10T21:50:56+00:00\",\"author\":{\"@id\":\"https:\/\/www.redemokracia.sk\/volby-2023\/#\/schema\/person\/bfe7960cd7d4f172780e14797b7c1ddf\"},\"breadcrumb\":{\"@id\":\"https:\/\/www.redemokracia.sk\/volby-2023\/szovetseg-aliancia\/#breadcrumb\"},\"inLanguage\":\"sk-SK\",\"potentialAction\":[{\"@type\":\"ReadAction\",\"target\":[\"https:\/\/www.redemokracia.sk\/volby-2023\/szovetseg-aliancia\/\"]}]},{\"@type\":\"BreadcrumbList\",\"@id\":\"https:\/\/www.redemokracia.sk\/volby-2023\/szovetseg-aliancia\/#breadcrumb\",\"itemListElement\":[{\"@type\":\"ListItem\",\"position\":1,\"name\":\"Home\",\"item\":\"https:\/\/www.redemokracia.sk\/volby-2023\/\"},{\"@type\":\"ListItem\",\"position\":2,\"name\":\"SZ\u00d6VETS\u00c9G &#8211; Magyarok. Nemzetis\u00e9gek. Regi\u00f3k. | ALIANCIA &#8211; Ma\u010fari. N\u00e1rodnosti. Regi\u00f3ny\"}]},{\"@type\":\"WebSite\",\"@id\":\"https:\/\/www.redemokracia.sk\/volby-2023\/#website\",\"url\":\"https:\/\/www.redemokracia.sk\/volby-2023\/\",\"name\":\"redemokracia\",\"description\":\"\",\"potentialAction\":[{\"@type\":\"SearchAction\",\"target\":{\"@type\":\"EntryPoint\",\"urlTemplate\":\"https:\/\/www.redemokracia.sk\/volby-2023\/?s={search_term_string}\"},\"query-input\":\"required name=search_term_string\"}],\"inLanguage\":\"sk-SK\"},{\"@type\":\"Person\",\"@id\":\"https:\/\/www.redemokracia.sk\/volby-2023\/#\/schema\/person\/bfe7960cd7d4f172780e14797b7c1ddf\",\"name\":\"redemokracia\",\"image\":{\"@type\":\"ImageObject\",\"inLanguage\":\"sk-SK\",\"@id\":\"https:\/\/www.redemokracia.sk\/volby-2023\/#\/schema\/person\/image\/\",\"url\":\"https:\/\/secure.gravatar.com\/avatar\/9e91f5518f7c99ed60d705e32fe93a6b?s=96&d=mm&r=g\",\"contentUrl\":\"https:\/\/secure.gravatar.com\/avatar\/9e91f5518f7c99ed60d705e32fe93a6b?s=96&d=mm&r=g\",\"caption\":\"redemokracia\"},\"sameAs\":[\"https:\/\/www.redemokracia.sk\/volby-2023\"],\"url\":\"https:\/\/www.redemokracia.sk\/volby-2023\/author\/redemokracia\/\"}]}<\/script>\n<!-- \/ Yoast SEO plugin. -->","yoast_head_json":{"title":"SZ\u00d6VETS\u00c9G - Magyarok. Nemzetis\u00e9gek. Regi\u00f3k. | ALIANCIA - Ma\u010fari. N\u00e1rodnosti. Regi\u00f3ny - redemokracia","robots":{"index":"index","follow":"follow","max-snippet":"max-snippet:-1","max-image-preview":"max-image-preview:large","max-video-preview":"max-video-preview:-1"},"canonical":"https:\/\/www.redemokracia.sk\/volby-2023\/szovetseg-aliancia\/","og_locale":"sk_SK","og_type":"article","og_title":"SZ\u00d6VETS\u00c9G - Magyarok. Nemzetis\u00e9gek. Regi\u00f3k. | ALIANCIA - Ma\u010fari. N\u00e1rodnosti. Regi\u00f3ny - redemokracia","og_description":"| SZ\u00d6VETS\u00c9G &#8211; ALIANCIA | Volebn\u00e9 \u010d\u00edslo 18&nbsp; Po\u010det kandid\u00e1tov:&nbsp; 149 Ma\u010farsk\u00e1 komunita na Slovensku je neoddelite\u013enou s\u00fa\u010das\u0165ou ma\u010farsk\u00e9ho kult\u00farneho a etnick\u00e9ho n\u00e1roda. Jazykovo patr\u00ed do ma\u010farsk\u00e9ho kult\u00farneho okruhu. Na\u0161\u00edm hlavn\u00fdm cie\u013eom vo vz\u0165ahu ku komunite (aj vo vz\u0165ahu k \u010fal\u0161\u00edm komunit\u00e1m) je zachova\u0165 a rozv\u00edja\u0165 jej jazykov\u00fa, kult\u00farnu a n\u00e1rodn\u00fa identitu na individu\u00e1lnej a [&hellip;]","og_url":"https:\/\/www.redemokracia.sk\/volby-2023\/szovetseg-aliancia\/","og_site_name":"redemokracia","article_published_time":"2023-09-06T21:39:43+00:00","article_modified_time":"2023-09-10T21:50:56+00:00","og_image":[{"width":1292,"height":833,"url":"https:\/\/www.redemokracia.sk\/volby-2023\/wp-content\/uploads\/2023\/09\/Volby-2023-aliancia-.jpg","type":"image\/jpeg"}],"author":"redemokracia","twitter_card":"summary_large_image","twitter_misc":{"Autor":"redemokracia","Predpokladan\u00fd \u010das \u010d\u00edtania":"1 min\u00fata"},"schema":{"@context":"https:\/\/schema.org","@graph":[{"@type":"WebPage","@id":"https:\/\/www.redemokracia.sk\/volby-2023\/szovetseg-aliancia\/","url":"https:\/\/www.redemokracia.sk\/volby-2023\/szovetseg-aliancia\/","name":"SZ\u00d6VETS\u00c9G - Magyarok. Nemzetis\u00e9gek. Regi\u00f3k. | ALIANCIA - Ma\u010fari. N\u00e1rodnosti. Regi\u00f3ny - redemokracia","isPartOf":{"@id":"https:\/\/www.redemokracia.sk\/volby-2023\/#website"},"datePublished":"2023-09-06T21:39:43+00:00","dateModified":"2023-09-10T21:50:56+00:00","author":{"@id":"https:\/\/www.redemokracia.sk\/volby-2023\/#\/schema\/person\/bfe7960cd7d4f172780e14797b7c1ddf"},"breadcrumb":{"@id":"https:\/\/www.redemokracia.sk\/volby-2023\/szovetseg-aliancia\/#breadcrumb"},"inLanguage":"sk-SK","potentialAction":[{"@type":"ReadAction","target":["https:\/\/www.redemokracia.sk\/volby-2023\/szovetseg-aliancia\/"]}]},{"@type":"BreadcrumbList","@id":"https:\/\/www.redemokracia.sk\/volby-2023\/szovetseg-aliancia\/#breadcrumb","itemListElement":[{"@type":"ListItem","position":1,"name":"Home","item":"https:\/\/www.redemokracia.sk\/volby-2023\/"},{"@type":"ListItem","position":2,"name":"SZ\u00d6VETS\u00c9G &#8211; Magyarok. Nemzetis\u00e9gek. Regi\u00f3k. | ALIANCIA &#8211; Ma\u010fari. N\u00e1rodnosti. Regi\u00f3ny"}]},{"@type":"WebSite","@id":"https:\/\/www.redemokracia.sk\/volby-2023\/#website","url":"https:\/\/www.redemokracia.sk\/volby-2023\/","name":"redemokracia","description":"","potentialAction":[{"@type":"SearchAction","target":{"@type":"EntryPoint","urlTemplate":"https:\/\/www.redemokracia.sk\/volby-2023\/?s={search_term_string}"},"query-input":"required name=search_term_string"}],"inLanguage":"sk-SK"},{"@type":"Person","@id":"https:\/\/www.redemokracia.sk\/volby-2023\/#\/schema\/person\/bfe7960cd7d4f172780e14797b7c1ddf","name":"redemokracia","image":{"@type":"ImageObject","inLanguage":"sk-SK","@id":"https:\/\/www.redemokracia.sk\/volby-2023\/#\/schema\/person\/image\/","url":"https:\/\/secure.gravatar.com\/avatar\/9e91f5518f7c99ed60d705e32fe93a6b?s=96&d=mm&r=g","contentUrl":"https:\/\/secure.gravatar.com\/avatar\/9e91f5518f7c99ed60d705e32fe93a6b?s=96&d=mm&r=g","caption":"redemokracia"},"sameAs":["https:\/\/www.redemokracia.sk\/volby-2023"],"url":"https:\/\/www.redemokracia.sk\/volby-2023\/author\/redemokracia\/"}]}},"_links":{"self":[{"href":"https:\/\/www.redemokracia.sk\/volby-2023\/wp-json\/wp\/v2\/posts\/126"}],"collection":[{"href":"https:\/\/www.redemokracia.sk\/volby-2023\/wp-json\/wp\/v2\/posts"}],"about":[{"href":"https:\/\/www.redemokracia.sk\/volby-2023\/wp-json\/wp\/v2\/types\/post"}],"author":[{"embeddable":true,"href":"https:\/\/www.redemokracia.sk\/volby-2023\/wp-json\/wp\/v2\/users\/1"}],"replies":[{"embeddable":true,"href":"https:\/\/www.redemokracia.sk\/volby-2023\/wp-json\/wp\/v2\/comments?post=126"}],"version-history":[{"count":5,"href":"https:\/\/www.redemokracia.sk\/volby-2023\/wp-json\/wp\/v2\/posts\/126\/revisions"}],"predecessor-version":[{"id":743,"href":"https:\/\/www.redemokracia.sk\/volby-2023\/wp-json\/wp\/v2\/posts\/126\/revisions\/743"}],"wp:featuredmedia":[{"embeddable":true,"href":"https:\/\/www.redemokracia.sk\/volby-2023\/wp-json\/wp\/v2\/media\/716"}],"wp:attachment":[{"href":"https:\/\/www.redemokracia.sk\/volby-2023\/wp-json\/wp\/v2\/media?parent=126"}],"wp:term":[{"taxonomy":"category","embeddable":true,"href":"https:\/\/www.redemokracia.sk\/volby-2023\/wp-json\/wp\/v2\/categories?post=126"},{"taxonomy":"post_tag","embeddable":true,"href":"https:\/\/www.redemokracia.sk\/volby-2023\/wp-json\/wp\/v2\/tags?post=126"}],"curies":[{"name":"wp","href":"https:\/\/api.w.org\/{rel}","templated":true}]}}