{"id":136,"date":"2023-09-06T23:42:58","date_gmt":"2023-09-06T21:42:58","guid":{"rendered":"https:\/\/www.redemokracia.sk\/volby-2023\/?p=136"},"modified":"2023-09-10T23:49:01","modified_gmt":"2023-09-10T21:49:01","slug":"demokrati","status":"publish","type":"post","link":"https:\/\/www.redemokracia.sk\/volby-2023\/demokrati\/","title":{"rendered":"Demokrati\u00a0"},"content":{"rendered":"\n<p><strong>Volebn\u00e9 \u010d\u00edslo 22&nbsp;<\/strong><\/p>\n\n\n\n<p><strong>Po\u010det kandid\u00e1tov: 150<\/strong><\/p>\n\n\n\n<div style=\"height:30px\" aria-hidden=\"true\" class=\"wp-block-spacer\"><\/div>\n\n\n\n<p>Sme Demokrati. <br>Prin\u00e1\u0161ame rie\u0161enia na&nbsp;hlavn\u00fd probl\u00e9m slovenskej politiky, ktor\u00fdm je sebectvo. <br>Sp\u00e1jame konzervat\u00edvne a liber\u00e1lne orientovan\u00fdch \u013eud\u00ed, ktor\u00ed volia pokoj a spolupr\u00e1cu ako alternat\u00edvu k sebectvu. Sme silnou z\u00e1rukou zdrav\u00e9ho Slovenska ako sebavedomej s\u00fa\u010dasti slobodn\u00e9ho z\u00e1padn\u00e9ho demokratick\u00e9ho sveta.<\/p>\n\n\n\n<p>Sme odhodlan\u00ed sl\u00fa\u017ei\u0165 \u013eu\u010fom a prinies\u0165 im zodpovedn\u00e9&nbsp;odborn\u00e9 rie\u0161enia postaven\u00e9 na sk\u00fasenostiach, pevn\u00fdch&nbsp;postojoch a hodnot\u00e1ch. Vytvorme spolu Slovensko, ku ktor\u00e9mu sa bud\u00fa v\u0161etci&nbsp;bez rozdielu hrdo hl\u00e1si\u0165 a chcie\u0165 v \u0148om \u017ei\u0165. Ve\u010f ak\u00fa&nbsp;krajinu nech\u00e1me de\u0165om, ak to teraz vzd\u00e1me?<\/p>\n\n\n\n<p>Tvorbu volebn\u00e9ho programu ch\u00e1peme ako jednu zo z\u00e1kladn\u00fdch \u00faloh politickej strany. Volebn\u00fd program definuje politick\u00e9 a&nbsp;legislat\u00edvne opatrenia, pre realiz\u00e1ciu ktor\u00fdch sa uch\u00e1dzame o&nbsp;podporu voli\u010dov, o&nbsp;va\u0161u podporu. V tomto zmysle program ch\u00e1peme tie\u017e ako formu zmluvy. Pri zva\u017eovan\u00ed \u00fa\u010dasti vo vl\u00e1de budeme vych\u00e1dza\u0165 z&nbsp;mo\u017enosti presadi\u0165 konkr\u00e9tne programov\u00e9 priority.<\/p>\n\n\n\n<ul>\n<li>Zdrav\u00e9 Slovensko \u2013 <em>maximalizova\u0165 vynakladanie zdrojov \u0161t\u00e1tu na poskytovanie modernej a dostupnej zdravotnej starostlivosti.<\/em><\/li>\n\n\n\n<li>Vzdelan\u00e9 Slovensko \u2013 <em>Ka\u017ed\u00e9 die\u0165a a mlad\u00fd \u010dlovek m\u00e1 pr\u00e1vo na ve\u013emi dobr\u00fdch u\u010dite\u013eov.&nbsp;<\/em><\/li>\n\n\n\n<li>Bezpe\u010dn\u00e9 Slovensko \u2013 <em>Zabezpe\u010d\u00edme pripravenos\u0165 na kr\u00edzy, ochranu informa\u010dn\u00e9ho priestoru, aj na\u0161ej kritickej infra\u0161trukt\u00fary vr\u00e1tane tej kybernetickej.<\/em><\/li>\n\n\n\n<li>Anga\u017eovan\u00e9 Slovensko \u2013 <em>Menej byrokracie, zv\u00fd\u0161enie transparentnosti a zodpovednosti, kvalitnej\u0161ie verejn\u00e9 slu\u017eby a zlep\u0161enie kvality zastupite\u013eskej demokracie.<\/em><\/li>\n\n\n\n<li>ln\u00e9 Slovensko \u2013 <em>Skuto\u010dnou pomocou \u010dloveku nie je do\u010dasne poskytn\u00fa\u0165 pr\u00edspevok, ale posun\u00fa\u0165 ho, pripravi\u0165 na bud\u00facnos\u0165, vr\u00e1ti\u0165 ho do spolo\u010dnosti.<\/em><\/li>\n<\/ul>\n\n\n\n<p><strong>Viac inform\u00e1ci\u00ed na str\u00e1nke:&nbsp;<a href=\"https:\/\/www.smedemokrati.sk\" target=\"_blank\" rel=\"noreferrer noopener\">https:\/\/www.smedemokrati.sk<\/a><\/strong><\/p>\n","protected":false},"excerpt":{"rendered":"<p>Volebn\u00e9 \u010d\u00edslo 22&nbsp; Po\u010det kandid\u00e1tov: 150 Sme Demokrati. Prin\u00e1\u0161ame rie\u0161enia na&nbsp;hlavn\u00fd probl\u00e9m slovenskej politiky, ktor\u00fdm je sebectvo. Sp\u00e1jame konzervat\u00edvne a liber\u00e1lne orientovan\u00fdch \u013eud\u00ed, ktor\u00ed volia pokoj a spolupr\u00e1cu ako alternat\u00edvu k sebectvu. Sme silnou z\u00e1rukou zdrav\u00e9ho Slovenska ako sebavedomej s\u00fa\u010dasti slobodn\u00e9ho z\u00e1padn\u00e9ho demokratick\u00e9ho sveta. Sme odhodlan\u00ed sl\u00fa\u017ei\u0165 \u013eu\u010fom a prinies\u0165 im zodpovedn\u00e9&nbsp;odborn\u00e9 rie\u0161enia postaven\u00e9 na [&hellip;]<\/p>\n","protected":false},"author":1,"featured_media":717,"comment_status":"closed","ping_status":"closed","sticky":false,"template":"","format":"standard","meta":{"_monsterinsights_skip_tracking":false,"_monsterinsights_sitenote_active":false,"_monsterinsights_sitenote_note":"","_monsterinsights_sitenote_category":0},"categories":[40,33,37],"tags":[24,30,19,32,29,14],"yoast_head":"<!-- This site is optimized with the Yoast SEO plugin v21.1 - https:\/\/yoast.com\/wordpress\/plugins\/seo\/ -->\n<title>Demokrati\u00a0 - redemokracia<\/title>\n<meta name=\"robots\" content=\"index, follow, max-snippet:-1, max-image-preview:large, max-video-preview:-1\" \/>\n<link rel=\"canonical\" href=\"https:\/\/www.redemokracia.sk\/volby-2023\/demokrati\/\" \/>\n<meta property=\"og:locale\" content=\"sk_SK\" \/>\n<meta property=\"og:type\" content=\"article\" \/>\n<meta property=\"og:title\" content=\"Demokrati\u00a0 - redemokracia\" \/>\n<meta property=\"og:description\" content=\"Volebn\u00e9 \u010d\u00edslo 22&nbsp; Po\u010det kandid\u00e1tov: 150 Sme Demokrati. Prin\u00e1\u0161ame rie\u0161enia na&nbsp;hlavn\u00fd probl\u00e9m slovenskej politiky, ktor\u00fdm je sebectvo. Sp\u00e1jame konzervat\u00edvne a liber\u00e1lne orientovan\u00fdch \u013eud\u00ed, ktor\u00ed volia pokoj a spolupr\u00e1cu ako alternat\u00edvu k sebectvu. Sme silnou z\u00e1rukou zdrav\u00e9ho Slovenska ako sebavedomej s\u00fa\u010dasti slobodn\u00e9ho z\u00e1padn\u00e9ho demokratick\u00e9ho sveta. Sme odhodlan\u00ed sl\u00fa\u017ei\u0165 \u013eu\u010fom a prinies\u0165 im zodpovedn\u00e9&nbsp;odborn\u00e9 rie\u0161enia postaven\u00e9 na [&hellip;]\" \/>\n<meta property=\"og:url\" content=\"https:\/\/www.redemokracia.sk\/volby-2023\/demokrati\/\" \/>\n<meta property=\"og:site_name\" content=\"redemokracia\" \/>\n<meta property=\"article:published_time\" content=\"2023-09-06T21:42:58+00:00\" \/>\n<meta property=\"article:modified_time\" content=\"2023-09-10T21:49:01+00:00\" \/>\n<meta property=\"og:image\" content=\"https:\/\/www.redemokracia.sk\/volby-2023\/wp-content\/uploads\/2023\/09\/Volby-2023-demokrati-.jpg\" \/>\n\t<meta property=\"og:image:width\" content=\"1292\" \/>\n\t<meta property=\"og:image:height\" content=\"833\" \/>\n\t<meta property=\"og:image:type\" content=\"image\/jpeg\" \/>\n<meta name=\"author\" content=\"redemokracia\" \/>\n<meta name=\"twitter:card\" content=\"summary_large_image\" \/>\n<meta name=\"twitter:label1\" content=\"Autor\" \/>\n\t<meta name=\"twitter:data1\" content=\"redemokracia\" \/>\n\t<meta name=\"twitter:label2\" content=\"Predpokladan\u00fd \u010das \u010d\u00edtania\" \/>\n\t<meta name=\"twitter:data2\" content=\"2 min\u00faty\" \/>\n<script type=\"application\/ld+json\" class=\"yoast-schema-graph\">{\"@context\":\"https:\/\/schema.org\",\"@graph\":[{\"@type\":\"WebPage\",\"@id\":\"https:\/\/www.redemokracia.sk\/volby-2023\/demokrati\/\",\"url\":\"https:\/\/www.redemokracia.sk\/volby-2023\/demokrati\/\",\"name\":\"Demokrati\u00a0 - redemokracia\",\"isPartOf\":{\"@id\":\"https:\/\/www.redemokracia.sk\/volby-2023\/#website\"},\"datePublished\":\"2023-09-06T21:42:58+00:00\",\"dateModified\":\"2023-09-10T21:49:01+00:00\",\"author\":{\"@id\":\"https:\/\/www.redemokracia.sk\/volby-2023\/#\/schema\/person\/bfe7960cd7d4f172780e14797b7c1ddf\"},\"breadcrumb\":{\"@id\":\"https:\/\/www.redemokracia.sk\/volby-2023\/demokrati\/#breadcrumb\"},\"inLanguage\":\"sk-SK\",\"potentialAction\":[{\"@type\":\"ReadAction\",\"target\":[\"https:\/\/www.redemokracia.sk\/volby-2023\/demokrati\/\"]}]},{\"@type\":\"BreadcrumbList\",\"@id\":\"https:\/\/www.redemokracia.sk\/volby-2023\/demokrati\/#breadcrumb\",\"itemListElement\":[{\"@type\":\"ListItem\",\"position\":1,\"name\":\"Home\",\"item\":\"https:\/\/www.redemokracia.sk\/volby-2023\/\"},{\"@type\":\"ListItem\",\"position\":2,\"name\":\"Demokrati\u00a0\"}]},{\"@type\":\"WebSite\",\"@id\":\"https:\/\/www.redemokracia.sk\/volby-2023\/#website\",\"url\":\"https:\/\/www.redemokracia.sk\/volby-2023\/\",\"name\":\"redemokracia\",\"description\":\"\",\"potentialAction\":[{\"@type\":\"SearchAction\",\"target\":{\"@type\":\"EntryPoint\",\"urlTemplate\":\"https:\/\/www.redemokracia.sk\/volby-2023\/?s={search_term_string}\"},\"query-input\":\"required name=search_term_string\"}],\"inLanguage\":\"sk-SK\"},{\"@type\":\"Person\",\"@id\":\"https:\/\/www.redemokracia.sk\/volby-2023\/#\/schema\/person\/bfe7960cd7d4f172780e14797b7c1ddf\",\"name\":\"redemokracia\",\"image\":{\"@type\":\"ImageObject\",\"inLanguage\":\"sk-SK\",\"@id\":\"https:\/\/www.redemokracia.sk\/volby-2023\/#\/schema\/person\/image\/\",\"url\":\"https:\/\/secure.gravatar.com\/avatar\/9e91f5518f7c99ed60d705e32fe93a6b?s=96&d=mm&r=g\",\"contentUrl\":\"https:\/\/secure.gravatar.com\/avatar\/9e91f5518f7c99ed60d705e32fe93a6b?s=96&d=mm&r=g\",\"caption\":\"redemokracia\"},\"sameAs\":[\"https:\/\/www.redemokracia.sk\/volby-2023\"],\"url\":\"https:\/\/www.redemokracia.sk\/volby-2023\/author\/redemokracia\/\"}]}<\/script>\n<!-- \/ Yoast SEO plugin. -->","yoast_head_json":{"title":"Demokrati\u00a0 - redemokracia","robots":{"index":"index","follow":"follow","max-snippet":"max-snippet:-1","max-image-preview":"max-image-preview:large","max-video-preview":"max-video-preview:-1"},"canonical":"https:\/\/www.redemokracia.sk\/volby-2023\/demokrati\/","og_locale":"sk_SK","og_type":"article","og_title":"Demokrati\u00a0 - redemokracia","og_description":"Volebn\u00e9 \u010d\u00edslo 22&nbsp; Po\u010det kandid\u00e1tov: 150 Sme Demokrati. Prin\u00e1\u0161ame rie\u0161enia na&nbsp;hlavn\u00fd probl\u00e9m slovenskej politiky, ktor\u00fdm je sebectvo. Sp\u00e1jame konzervat\u00edvne a liber\u00e1lne orientovan\u00fdch \u013eud\u00ed, ktor\u00ed volia pokoj a spolupr\u00e1cu ako alternat\u00edvu k sebectvu. Sme silnou z\u00e1rukou zdrav\u00e9ho Slovenska ako sebavedomej s\u00fa\u010dasti slobodn\u00e9ho z\u00e1padn\u00e9ho demokratick\u00e9ho sveta. Sme odhodlan\u00ed sl\u00fa\u017ei\u0165 \u013eu\u010fom a prinies\u0165 im zodpovedn\u00e9&nbsp;odborn\u00e9 rie\u0161enia postaven\u00e9 na [&hellip;]","og_url":"https:\/\/www.redemokracia.sk\/volby-2023\/demokrati\/","og_site_name":"redemokracia","article_published_time":"2023-09-06T21:42:58+00:00","article_modified_time":"2023-09-10T21:49:01+00:00","og_image":[{"width":1292,"height":833,"url":"https:\/\/www.redemokracia.sk\/volby-2023\/wp-content\/uploads\/2023\/09\/Volby-2023-demokrati-.jpg","type":"image\/jpeg"}],"author":"redemokracia","twitter_card":"summary_large_image","twitter_misc":{"Autor":"redemokracia","Predpokladan\u00fd \u010das \u010d\u00edtania":"2 min\u00faty"},"schema":{"@context":"https:\/\/schema.org","@graph":[{"@type":"WebPage","@id":"https:\/\/www.redemokracia.sk\/volby-2023\/demokrati\/","url":"https:\/\/www.redemokracia.sk\/volby-2023\/demokrati\/","name":"Demokrati\u00a0 - redemokracia","isPartOf":{"@id":"https:\/\/www.redemokracia.sk\/volby-2023\/#website"},"datePublished":"2023-09-06T21:42:58+00:00","dateModified":"2023-09-10T21:49:01+00:00","author":{"@id":"https:\/\/www.redemokracia.sk\/volby-2023\/#\/schema\/person\/bfe7960cd7d4f172780e14797b7c1ddf"},"breadcrumb":{"@id":"https:\/\/www.redemokracia.sk\/volby-2023\/demokrati\/#breadcrumb"},"inLanguage":"sk-SK","potentialAction":[{"@type":"ReadAction","target":["https:\/\/www.redemokracia.sk\/volby-2023\/demokrati\/"]}]},{"@type":"BreadcrumbList","@id":"https:\/\/www.redemokracia.sk\/volby-2023\/demokrati\/#breadcrumb","itemListElement":[{"@type":"ListItem","position":1,"name":"Home","item":"https:\/\/www.redemokracia.sk\/volby-2023\/"},{"@type":"ListItem","position":2,"name":"Demokrati\u00a0"}]},{"@type":"WebSite","@id":"https:\/\/www.redemokracia.sk\/volby-2023\/#website","url":"https:\/\/www.redemokracia.sk\/volby-2023\/","name":"redemokracia","description":"","potentialAction":[{"@type":"SearchAction","target":{"@type":"EntryPoint","urlTemplate":"https:\/\/www.redemokracia.sk\/volby-2023\/?s={search_term_string}"},"query-input":"required name=search_term_string"}],"inLanguage":"sk-SK"},{"@type":"Person","@id":"https:\/\/www.redemokracia.sk\/volby-2023\/#\/schema\/person\/bfe7960cd7d4f172780e14797b7c1ddf","name":"redemokracia","image":{"@type":"ImageObject","inLanguage":"sk-SK","@id":"https:\/\/www.redemokracia.sk\/volby-2023\/#\/schema\/person\/image\/","url":"https:\/\/secure.gravatar.com\/avatar\/9e91f5518f7c99ed60d705e32fe93a6b?s=96&d=mm&r=g","contentUrl":"https:\/\/secure.gravatar.com\/avatar\/9e91f5518f7c99ed60d705e32fe93a6b?s=96&d=mm&r=g","caption":"redemokracia"},"sameAs":["https:\/\/www.redemokracia.sk\/volby-2023"],"url":"https:\/\/www.redemokracia.sk\/volby-2023\/author\/redemokracia\/"}]}},"_links":{"self":[{"href":"https:\/\/www.redemokracia.sk\/volby-2023\/wp-json\/wp\/v2\/posts\/136"}],"collection":[{"href":"https:\/\/www.redemokracia.sk\/volby-2023\/wp-json\/wp\/v2\/posts"}],"about":[{"href":"https:\/\/www.redemokracia.sk\/volby-2023\/wp-json\/wp\/v2\/types\/post"}],"author":[{"embeddable":true,"href":"https:\/\/www.redemokracia.sk\/volby-2023\/wp-json\/wp\/v2\/users\/1"}],"replies":[{"embeddable":true,"href":"https:\/\/www.redemokracia.sk\/volby-2023\/wp-json\/wp\/v2\/comments?post=136"}],"version-history":[{"count":6,"href":"https:\/\/www.redemokracia.sk\/volby-2023\/wp-json\/wp\/v2\/posts\/136\/revisions"}],"predecessor-version":[{"id":741,"href":"https:\/\/www.redemokracia.sk\/volby-2023\/wp-json\/wp\/v2\/posts\/136\/revisions\/741"}],"wp:featuredmedia":[{"embeddable":true,"href":"https:\/\/www.redemokracia.sk\/volby-2023\/wp-json\/wp\/v2\/media\/717"}],"wp:attachment":[{"href":"https:\/\/www.redemokracia.sk\/volby-2023\/wp-json\/wp\/v2\/media?parent=136"}],"wp:term":[{"taxonomy":"category","embeddable":true,"href":"https:\/\/www.redemokracia.sk\/volby-2023\/wp-json\/wp\/v2\/categories?post=136"},{"taxonomy":"post_tag","embeddable":true,"href":"https:\/\/www.redemokracia.sk\/volby-2023\/wp-json\/wp\/v2\/tags?post=136"}],"curies":[{"name":"wp","href":"https:\/\/api.w.org\/{rel}","templated":true}]}}