{"id":88,"date":"2023-09-06T23:16:56","date_gmt":"2023-09-06T21:16:56","guid":{"rendered":"https:\/\/www.redemokracia.sk\/volby-2023\/?p=88"},"modified":"2023-09-10T23:57:59","modified_gmt":"2023-09-10T21:57:59","slug":"progresivne-slovensko","status":"publish","type":"post","link":"https:\/\/www.redemokracia.sk\/volby-2023\/progresivne-slovensko\/","title":{"rendered":"Progres\u00edvne Slovensko"},"content":{"rendered":"\n<p>| PS | <\/p>\n\n\n\n<p><strong>Volebn\u00e9 \u010d\u00edslo 3&nbsp;<\/strong><\/p>\n\n\n\n<p><strong>Po\u010det kandid\u00e1tov: 150<\/strong><\/p>\n\n\n\n<div style=\"height:30px\" aria-hidden=\"true\" class=\"wp-block-spacer\"><\/div>\n\n\n\n<p>Politika na Slovensku sa d\u00e1 robi\u0165 inak. Odborne, slu\u0161ne, norm\u00e1lne. M\u00f4\u017eeme ukon\u010di\u0165 spory a chaos, a za\u010da\u0165 rie\u0161i\u0165 na\u0161u d\u00f4stojn\u00fa bud\u00facnos\u0165.<\/p>\n\n\n\n<p>Progres\u00edvne Slovensko pon\u00faka stabilitu, predv\u00eddate\u013enos\u0165 a kvalitn\u00fd program.&nbsp;<\/p>\n\n\n\n<p>Pl\u00e1n pre bud\u00facnos\u0165<br>Prin\u00e1\u0161ame rie\u0161enia pre v\u0161etky oblasti \u017eivota, s cie\u013eom zabezpe\u010di\u0165 \u013eu\u010fom na Slovensku d\u00f4stojn\u00fa bud\u00facnos\u0165. Stanovili sme si tri jasn\u00e9 priority, na ktor\u00e9 sa chceme s\u00fastredi\u0165 okam\u017eite.<br>1. na\u0161tartovanie ekonomiky<br>2. da\u0165 kone\u010dne do poriadku slovensk\u00e9 zdravotn\u00edctvo. Potrebujeme kvalitn\u00e9 nemocnice aj region\u00e1lnu ambulantn\u00fa sie\u0165.&nbsp;<br>3. zmeni\u0165 celkov\u00fa spolo\u010densk\u00fa atmosf\u00e9ru na Slovensku. Aby \u013eudia zo Slovenska neodch\u00e1dzali, ale sa sem naopak za\u010dali vraca\u0165.<\/p>\n\n\n\n<ul>\n<li>Postavi\u0165 tri nov\u00e9 ve\u013ek\u00e9 nemocnice<\/li>\n\n\n\n<li>Men\u0161ie zdanenie pr\u00e1ce<\/li>\n\n\n\n<li>Mikropodnikanie<\/li>\n\n\n\n<li>Pr\u00edspevok na b\u00fdvanie<\/li>\n\n\n\n<li>L\u00edstok CeloSlov\u00e1k<\/li>\n\n\n\n<li>Skokovo nav\u00fd\u0161i\u0165 u\u010dite\u013esk\u00e9 platy<\/li>\n\n\n\n<li>Predvyplnen\u00e9 da\u0148ov\u00e9 priznanie<\/li>\n\n\n\n<li>\u017divotn\u00e9 partnerstv\u00e1 pre v\u0161etk\u00fdch<\/li>\n\n\n\n<li>Fotovoltika na ka\u017ed\u00fa strechu<\/li>\n\n\n\n<li>Garancia v\u00fd\u017eivn\u00e9ho pre deti na\u010das a v plnej v\u00fd\u0161ke<\/li>\n<\/ul>\n\n\n\n<p><strong>Viac inform\u00e1ci\u00ed na str\u00e1nke:&nbsp;<a href=\"https:\/\/progresivne.sk\/program\/\" target=\"_blank\" rel=\"noreferrer noopener\">https:\/\/progresivne.sk\/program\/<\/a><\/strong><\/p>\n","protected":false},"excerpt":{"rendered":"<p>| PS | Volebn\u00e9 \u010d\u00edslo 3&nbsp; Po\u010det kandid\u00e1tov: 150 Politika na Slovensku sa d\u00e1 robi\u0165 inak. Odborne, slu\u0161ne, norm\u00e1lne. M\u00f4\u017eeme ukon\u010di\u0165 spory a chaos, a za\u010da\u0165 rie\u0161i\u0165 na\u0161u d\u00f4stojn\u00fa bud\u00facnos\u0165. Progres\u00edvne Slovensko pon\u00faka stabilitu, predv\u00eddate\u013enos\u0165 a kvalitn\u00fd program.&nbsp; Pl\u00e1n pre bud\u00facnos\u0165Prin\u00e1\u0161ame rie\u0161enia pre v\u0161etky oblasti \u017eivota, s cie\u013eom zabezpe\u010di\u0165 \u013eu\u010fom na Slovensku d\u00f4stojn\u00fa bud\u00facnos\u0165. Stanovili [&hellip;]<\/p>\n","protected":false},"author":1,"featured_media":729,"comment_status":"closed","ping_status":"closed","sticky":false,"template":"","format":"standard","meta":{"_monsterinsights_skip_tracking":false,"_monsterinsights_sitenote_active":false,"_monsterinsights_sitenote_note":"","_monsterinsights_sitenote_category":0},"categories":[40,38,39,34,37],"tags":[30,18,19,31,32,29,14],"yoast_head":"<!-- This site is optimized with the Yoast SEO plugin v21.1 - https:\/\/yoast.com\/wordpress\/plugins\/seo\/ -->\n<title>Progres\u00edvne Slovensko - redemokracia<\/title>\n<meta name=\"robots\" content=\"index, follow, max-snippet:-1, max-image-preview:large, max-video-preview:-1\" \/>\n<link rel=\"canonical\" href=\"https:\/\/www.redemokracia.sk\/volby-2023\/progresivne-slovensko\/\" \/>\n<meta property=\"og:locale\" content=\"sk_SK\" \/>\n<meta property=\"og:type\" content=\"article\" \/>\n<meta property=\"og:title\" content=\"Progres\u00edvne Slovensko - redemokracia\" \/>\n<meta property=\"og:description\" content=\"| PS | Volebn\u00e9 \u010d\u00edslo 3&nbsp; Po\u010det kandid\u00e1tov: 150 Politika na Slovensku sa d\u00e1 robi\u0165 inak. Odborne, slu\u0161ne, norm\u00e1lne. M\u00f4\u017eeme ukon\u010di\u0165 spory a chaos, a za\u010da\u0165 rie\u0161i\u0165 na\u0161u d\u00f4stojn\u00fa bud\u00facnos\u0165. Progres\u00edvne Slovensko pon\u00faka stabilitu, predv\u00eddate\u013enos\u0165 a kvalitn\u00fd program.&nbsp; Pl\u00e1n pre bud\u00facnos\u0165Prin\u00e1\u0161ame rie\u0161enia pre v\u0161etky oblasti \u017eivota, s cie\u013eom zabezpe\u010di\u0165 \u013eu\u010fom na Slovensku d\u00f4stojn\u00fa bud\u00facnos\u0165. Stanovili [&hellip;]\" \/>\n<meta property=\"og:url\" content=\"https:\/\/www.redemokracia.sk\/volby-2023\/progresivne-slovensko\/\" \/>\n<meta property=\"og:site_name\" content=\"redemokracia\" \/>\n<meta property=\"article:published_time\" content=\"2023-09-06T21:16:56+00:00\" \/>\n<meta property=\"article:modified_time\" content=\"2023-09-10T21:57:59+00:00\" \/>\n<meta property=\"og:image\" content=\"https:\/\/www.redemokracia.sk\/volby-2023\/wp-content\/uploads\/2023\/09\/Volby-2023-progresivne-slovensko-ps-.jpg\" \/>\n\t<meta property=\"og:image:width\" content=\"1292\" \/>\n\t<meta property=\"og:image:height\" content=\"833\" \/>\n\t<meta property=\"og:image:type\" content=\"image\/jpeg\" \/>\n<meta name=\"author\" content=\"redemokracia\" \/>\n<meta name=\"twitter:card\" content=\"summary_large_image\" \/>\n<meta name=\"twitter:label1\" content=\"Autor\" \/>\n\t<meta name=\"twitter:data1\" content=\"redemokracia\" \/>\n\t<meta name=\"twitter:label2\" content=\"Predpokladan\u00fd \u010das \u010d\u00edtania\" \/>\n\t<meta name=\"twitter:data2\" content=\"1 min\u00fata\" \/>\n<script type=\"application\/ld+json\" class=\"yoast-schema-graph\">{\"@context\":\"https:\/\/schema.org\",\"@graph\":[{\"@type\":\"WebPage\",\"@id\":\"https:\/\/www.redemokracia.sk\/volby-2023\/progresivne-slovensko\/\",\"url\":\"https:\/\/www.redemokracia.sk\/volby-2023\/progresivne-slovensko\/\",\"name\":\"Progres\u00edvne Slovensko - redemokracia\",\"isPartOf\":{\"@id\":\"https:\/\/www.redemokracia.sk\/volby-2023\/#website\"},\"datePublished\":\"2023-09-06T21:16:56+00:00\",\"dateModified\":\"2023-09-10T21:57:59+00:00\",\"author\":{\"@id\":\"https:\/\/www.redemokracia.sk\/volby-2023\/#\/schema\/person\/bfe7960cd7d4f172780e14797b7c1ddf\"},\"breadcrumb\":{\"@id\":\"https:\/\/www.redemokracia.sk\/volby-2023\/progresivne-slovensko\/#breadcrumb\"},\"inLanguage\":\"sk-SK\",\"potentialAction\":[{\"@type\":\"ReadAction\",\"target\":[\"https:\/\/www.redemokracia.sk\/volby-2023\/progresivne-slovensko\/\"]}]},{\"@type\":\"BreadcrumbList\",\"@id\":\"https:\/\/www.redemokracia.sk\/volby-2023\/progresivne-slovensko\/#breadcrumb\",\"itemListElement\":[{\"@type\":\"ListItem\",\"position\":1,\"name\":\"Home\",\"item\":\"https:\/\/www.redemokracia.sk\/volby-2023\/\"},{\"@type\":\"ListItem\",\"position\":2,\"name\":\"Progres\u00edvne Slovensko\"}]},{\"@type\":\"WebSite\",\"@id\":\"https:\/\/www.redemokracia.sk\/volby-2023\/#website\",\"url\":\"https:\/\/www.redemokracia.sk\/volby-2023\/\",\"name\":\"redemokracia\",\"description\":\"\",\"potentialAction\":[{\"@type\":\"SearchAction\",\"target\":{\"@type\":\"EntryPoint\",\"urlTemplate\":\"https:\/\/www.redemokracia.sk\/volby-2023\/?s={search_term_string}\"},\"query-input\":\"required name=search_term_string\"}],\"inLanguage\":\"sk-SK\"},{\"@type\":\"Person\",\"@id\":\"https:\/\/www.redemokracia.sk\/volby-2023\/#\/schema\/person\/bfe7960cd7d4f172780e14797b7c1ddf\",\"name\":\"redemokracia\",\"image\":{\"@type\":\"ImageObject\",\"inLanguage\":\"sk-SK\",\"@id\":\"https:\/\/www.redemokracia.sk\/volby-2023\/#\/schema\/person\/image\/\",\"url\":\"https:\/\/secure.gravatar.com\/avatar\/9e91f5518f7c99ed60d705e32fe93a6b?s=96&d=mm&r=g\",\"contentUrl\":\"https:\/\/secure.gravatar.com\/avatar\/9e91f5518f7c99ed60d705e32fe93a6b?s=96&d=mm&r=g\",\"caption\":\"redemokracia\"},\"sameAs\":[\"https:\/\/www.redemokracia.sk\/volby-2023\"],\"url\":\"https:\/\/www.redemokracia.sk\/volby-2023\/author\/redemokracia\/\"}]}<\/script>\n<!-- \/ Yoast SEO plugin. -->","yoast_head_json":{"title":"Progres\u00edvne Slovensko - redemokracia","robots":{"index":"index","follow":"follow","max-snippet":"max-snippet:-1","max-image-preview":"max-image-preview:large","max-video-preview":"max-video-preview:-1"},"canonical":"https:\/\/www.redemokracia.sk\/volby-2023\/progresivne-slovensko\/","og_locale":"sk_SK","og_type":"article","og_title":"Progres\u00edvne Slovensko - redemokracia","og_description":"| PS | Volebn\u00e9 \u010d\u00edslo 3&nbsp; Po\u010det kandid\u00e1tov: 150 Politika na Slovensku sa d\u00e1 robi\u0165 inak. Odborne, slu\u0161ne, norm\u00e1lne. M\u00f4\u017eeme ukon\u010di\u0165 spory a chaos, a za\u010da\u0165 rie\u0161i\u0165 na\u0161u d\u00f4stojn\u00fa bud\u00facnos\u0165. Progres\u00edvne Slovensko pon\u00faka stabilitu, predv\u00eddate\u013enos\u0165 a kvalitn\u00fd program.&nbsp; Pl\u00e1n pre bud\u00facnos\u0165Prin\u00e1\u0161ame rie\u0161enia pre v\u0161etky oblasti \u017eivota, s cie\u013eom zabezpe\u010di\u0165 \u013eu\u010fom na Slovensku d\u00f4stojn\u00fa bud\u00facnos\u0165. Stanovili [&hellip;]","og_url":"https:\/\/www.redemokracia.sk\/volby-2023\/progresivne-slovensko\/","og_site_name":"redemokracia","article_published_time":"2023-09-06T21:16:56+00:00","article_modified_time":"2023-09-10T21:57:59+00:00","og_image":[{"width":1292,"height":833,"url":"https:\/\/www.redemokracia.sk\/volby-2023\/wp-content\/uploads\/2023\/09\/Volby-2023-progresivne-slovensko-ps-.jpg","type":"image\/jpeg"}],"author":"redemokracia","twitter_card":"summary_large_image","twitter_misc":{"Autor":"redemokracia","Predpokladan\u00fd \u010das \u010d\u00edtania":"1 min\u00fata"},"schema":{"@context":"https:\/\/schema.org","@graph":[{"@type":"WebPage","@id":"https:\/\/www.redemokracia.sk\/volby-2023\/progresivne-slovensko\/","url":"https:\/\/www.redemokracia.sk\/volby-2023\/progresivne-slovensko\/","name":"Progres\u00edvne Slovensko - redemokracia","isPartOf":{"@id":"https:\/\/www.redemokracia.sk\/volby-2023\/#website"},"datePublished":"2023-09-06T21:16:56+00:00","dateModified":"2023-09-10T21:57:59+00:00","author":{"@id":"https:\/\/www.redemokracia.sk\/volby-2023\/#\/schema\/person\/bfe7960cd7d4f172780e14797b7c1ddf"},"breadcrumb":{"@id":"https:\/\/www.redemokracia.sk\/volby-2023\/progresivne-slovensko\/#breadcrumb"},"inLanguage":"sk-SK","potentialAction":[{"@type":"ReadAction","target":["https:\/\/www.redemokracia.sk\/volby-2023\/progresivne-slovensko\/"]}]},{"@type":"BreadcrumbList","@id":"https:\/\/www.redemokracia.sk\/volby-2023\/progresivne-slovensko\/#breadcrumb","itemListElement":[{"@type":"ListItem","position":1,"name":"Home","item":"https:\/\/www.redemokracia.sk\/volby-2023\/"},{"@type":"ListItem","position":2,"name":"Progres\u00edvne Slovensko"}]},{"@type":"WebSite","@id":"https:\/\/www.redemokracia.sk\/volby-2023\/#website","url":"https:\/\/www.redemokracia.sk\/volby-2023\/","name":"redemokracia","description":"","potentialAction":[{"@type":"SearchAction","target":{"@type":"EntryPoint","urlTemplate":"https:\/\/www.redemokracia.sk\/volby-2023\/?s={search_term_string}"},"query-input":"required name=search_term_string"}],"inLanguage":"sk-SK"},{"@type":"Person","@id":"https:\/\/www.redemokracia.sk\/volby-2023\/#\/schema\/person\/bfe7960cd7d4f172780e14797b7c1ddf","name":"redemokracia","image":{"@type":"ImageObject","inLanguage":"sk-SK","@id":"https:\/\/www.redemokracia.sk\/volby-2023\/#\/schema\/person\/image\/","url":"https:\/\/secure.gravatar.com\/avatar\/9e91f5518f7c99ed60d705e32fe93a6b?s=96&d=mm&r=g","contentUrl":"https:\/\/secure.gravatar.com\/avatar\/9e91f5518f7c99ed60d705e32fe93a6b?s=96&d=mm&r=g","caption":"redemokracia"},"sameAs":["https:\/\/www.redemokracia.sk\/volby-2023"],"url":"https:\/\/www.redemokracia.sk\/volby-2023\/author\/redemokracia\/"}]}},"_links":{"self":[{"href":"https:\/\/www.redemokracia.sk\/volby-2023\/wp-json\/wp\/v2\/posts\/88"}],"collection":[{"href":"https:\/\/www.redemokracia.sk\/volby-2023\/wp-json\/wp\/v2\/posts"}],"about":[{"href":"https:\/\/www.redemokracia.sk\/volby-2023\/wp-json\/wp\/v2\/types\/post"}],"author":[{"embeddable":true,"href":"https:\/\/www.redemokracia.sk\/volby-2023\/wp-json\/wp\/v2\/users\/1"}],"replies":[{"embeddable":true,"href":"https:\/\/www.redemokracia.sk\/volby-2023\/wp-json\/wp\/v2\/comments?post=88"}],"version-history":[{"count":6,"href":"https:\/\/www.redemokracia.sk\/volby-2023\/wp-json\/wp\/v2\/posts\/88\/revisions"}],"predecessor-version":[{"id":753,"href":"https:\/\/www.redemokracia.sk\/volby-2023\/wp-json\/wp\/v2\/posts\/88\/revisions\/753"}],"wp:featuredmedia":[{"embeddable":true,"href":"https:\/\/www.redemokracia.sk\/volby-2023\/wp-json\/wp\/v2\/media\/729"}],"wp:attachment":[{"href":"https:\/\/www.redemokracia.sk\/volby-2023\/wp-json\/wp\/v2\/media?parent=88"}],"wp:term":[{"taxonomy":"category","embeddable":true,"href":"https:\/\/www.redemokracia.sk\/volby-2023\/wp-json\/wp\/v2\/categories?post=88"},{"taxonomy":"post_tag","embeddable":true,"href":"https:\/\/www.redemokracia.sk\/volby-2023\/wp-json\/wp\/v2\/tags?post=88"}],"curies":[{"name":"wp","href":"https:\/\/api.w.org\/{rel}","templated":true}]}}