{"id":90,"date":"2023-09-06T23:24:13","date_gmt":"2023-09-06T21:24:13","guid":{"rendered":"https:\/\/www.redemokracia.sk\/volby-2023\/?p=90"},"modified":"2023-09-10T23:57:38","modified_gmt":"2023-09-10T21:57:38","slug":"sos","status":"publish","type":"post","link":"https:\/\/www.redemokracia.sk\/volby-2023\/sos\/","title":{"rendered":"SPOLO\u010cNE OB\u010cANIA SLOVENSKA"},"content":{"rendered":"\n<p>| SOS&nbsp;| <\/p>\n\n\n\n<p><strong>Volebn\u00e9 \u010d\u00edslo 4&nbsp;<\/strong><\/p>\n\n\n\n<p><strong>Po\u010det kandid\u00e1tov: 148<\/strong><\/p>\n\n\n\n<div style=\"height:30px\" aria-hidden=\"true\" class=\"wp-block-spacer\"><\/div>\n\n\n\n<p>Stojte za t\u00fdm, v \u010do ver\u00edte<\/p>\n\n\n\n<p>Slov\u00e1ci nem\u00f4\u017eu zab\u00fada\u0165 na z\u00e1pas na\u0161ich predkov o n\u00e1rodn\u00e9 sebaur\u010denie a musia br\u00e1ni\u0165 svoje z\u00e1ujmy.<\/p>\n\n\n\n<p>Odmietame politick\u00fa agendu LGBTI a multi-kulturalizmu a budeme podporova\u0165 pomoc a podporu mlad\u00fdm rodin\u00e1m pri v\u00fdstavbe n\u00e1jomn\u00fdch bytov. V neposlednom rade sa venujeme podpore vzdel\u00e1vania, umenia, kult\u00fary a \u0161portu, kde uprednost\u0148uje jedine\u010dnos\u0165 slovenskej kult\u00fary, folkl\u00f3ru a trad\u00edci\u00ed doma i v zahrani\u010d\u00ed a podporuje \u0161portov\u00e9 aktivity ml\u00e1de\u017ee, dospel\u00fdch i seniorov.<\/p>\n\n\n\n<p>N\u00e1\u0161 program e komplexn\u00fd a zameriava sa na v\u0161etky \u010dasti infra\u0161trukt\u00fary na Slovensku. N\u00e1\u0161 program pom\u00e1ha cel\u00e9mu spektru obyvate\u013eov.&nbsp;<\/p>\n\n\n\n<ul>\n<li>\u017divotn\u00e1 \u00farove\u0148<\/li>\n\n\n\n<li>Zdravotn\u00edctvo<\/li>\n\n\n\n<li>Doprava<\/li>\n\n\n\n<li>Po\u013enohospod\u00e1rstvo<\/li>\n\n\n\n<li>\u0160kolstvo<\/li>\n\n\n\n<li>Podpora mlad\u00fdch rod\u00edn<\/li>\n\n\n\n<li>Podpora seniorov<\/li>\n\n\n\n<li>Podpora podnikate\u013eov a \u017eivnostn\u00edkov<\/li>\n\n\n\n<li>Zahrani\u010dn\u00e1 politika<\/li>\n\n\n\n<li>\u017divotn\u00e9 prostredie<\/li>\n<\/ul>\n\n\n\n<p><strong>Viac inform\u00e1ci\u00ed na str\u00e1nke:&nbsp;<a href=\"https:\/\/www.sosstrana.sk\" target=\"_blank\" rel=\"noreferrer noopener\">https:\/\/www.sosstrana.sk<\/a><\/strong><\/p>\n","protected":false},"excerpt":{"rendered":"<p>| SOS&nbsp;| Volebn\u00e9 \u010d\u00edslo 4&nbsp; Po\u010det kandid\u00e1tov: 148 Stojte za t\u00fdm, v \u010do ver\u00edte Slov\u00e1ci nem\u00f4\u017eu zab\u00fada\u0165 na z\u00e1pas na\u0161ich predkov o n\u00e1rodn\u00e9 sebaur\u010denie a musia br\u00e1ni\u0165 svoje z\u00e1ujmy. Odmietame politick\u00fa agendu LGBTI a multi-kulturalizmu a budeme podporova\u0165 pomoc a podporu mlad\u00fdm rodin\u00e1m pri v\u00fdstavbe n\u00e1jomn\u00fdch bytov. V neposlednom rade sa venujeme podpore vzdel\u00e1vania, umenia, [&hellip;]<\/p>\n","protected":false},"author":1,"featured_media":736,"comment_status":"closed","ping_status":"closed","sticky":false,"template":"","format":"standard","meta":{"_monsterinsights_skip_tracking":false,"_monsterinsights_sitenote_active":false,"_monsterinsights_sitenote_note":"","_monsterinsights_sitenote_category":0},"categories":[36,45,33,35,47],"tags":[30,19,27,32,29,14,22,25],"yoast_head":"<!-- This site is optimized with the Yoast SEO plugin v21.1 - https:\/\/yoast.com\/wordpress\/plugins\/seo\/ -->\n<title>SPOLO\u010cNE OB\u010cANIA SLOVENSKA - redemokracia<\/title>\n<meta name=\"robots\" content=\"index, follow, max-snippet:-1, max-image-preview:large, max-video-preview:-1\" \/>\n<link rel=\"canonical\" href=\"https:\/\/www.redemokracia.sk\/volby-2023\/sos\/\" \/>\n<meta property=\"og:locale\" content=\"sk_SK\" \/>\n<meta property=\"og:type\" content=\"article\" \/>\n<meta property=\"og:title\" content=\"SPOLO\u010cNE OB\u010cANIA SLOVENSKA - redemokracia\" \/>\n<meta property=\"og:description\" content=\"| SOS&nbsp;| Volebn\u00e9 \u010d\u00edslo 4&nbsp; Po\u010det kandid\u00e1tov: 148 Stojte za t\u00fdm, v \u010do ver\u00edte Slov\u00e1ci nem\u00f4\u017eu zab\u00fada\u0165 na z\u00e1pas na\u0161ich predkov o n\u00e1rodn\u00e9 sebaur\u010denie a musia br\u00e1ni\u0165 svoje z\u00e1ujmy. Odmietame politick\u00fa agendu LGBTI a multi-kulturalizmu a budeme podporova\u0165 pomoc a podporu mlad\u00fdm rodin\u00e1m pri v\u00fdstavbe n\u00e1jomn\u00fdch bytov. V neposlednom rade sa venujeme podpore vzdel\u00e1vania, umenia, [&hellip;]\" \/>\n<meta property=\"og:url\" content=\"https:\/\/www.redemokracia.sk\/volby-2023\/sos\/\" \/>\n<meta property=\"og:site_name\" content=\"redemokracia\" \/>\n<meta property=\"article:published_time\" content=\"2023-09-06T21:24:13+00:00\" \/>\n<meta property=\"article:modified_time\" content=\"2023-09-10T21:57:38+00:00\" \/>\n<meta property=\"og:image\" content=\"https:\/\/www.redemokracia.sk\/volby-2023\/wp-content\/uploads\/2023\/09\/Volby-2023-spolocne-obcania-slovenska-sos-.jpg\" \/>\n\t<meta property=\"og:image:width\" content=\"1292\" \/>\n\t<meta property=\"og:image:height\" content=\"833\" \/>\n\t<meta property=\"og:image:type\" content=\"image\/jpeg\" \/>\n<meta name=\"author\" content=\"redemokracia\" \/>\n<meta name=\"twitter:card\" content=\"summary_large_image\" \/>\n<meta name=\"twitter:label1\" content=\"Autor\" \/>\n\t<meta name=\"twitter:data1\" content=\"redemokracia\" \/>\n\t<meta name=\"twitter:label2\" content=\"Predpokladan\u00fd \u010das \u010d\u00edtania\" \/>\n\t<meta name=\"twitter:data2\" content=\"1 min\u00fata\" \/>\n<script type=\"application\/ld+json\" class=\"yoast-schema-graph\">{\"@context\":\"https:\/\/schema.org\",\"@graph\":[{\"@type\":\"WebPage\",\"@id\":\"https:\/\/www.redemokracia.sk\/volby-2023\/sos\/\",\"url\":\"https:\/\/www.redemokracia.sk\/volby-2023\/sos\/\",\"name\":\"SPOLO\u010cNE OB\u010cANIA SLOVENSKA - redemokracia\",\"isPartOf\":{\"@id\":\"https:\/\/www.redemokracia.sk\/volby-2023\/#website\"},\"datePublished\":\"2023-09-06T21:24:13+00:00\",\"dateModified\":\"2023-09-10T21:57:38+00:00\",\"author\":{\"@id\":\"https:\/\/www.redemokracia.sk\/volby-2023\/#\/schema\/person\/bfe7960cd7d4f172780e14797b7c1ddf\"},\"breadcrumb\":{\"@id\":\"https:\/\/www.redemokracia.sk\/volby-2023\/sos\/#breadcrumb\"},\"inLanguage\":\"sk-SK\",\"potentialAction\":[{\"@type\":\"ReadAction\",\"target\":[\"https:\/\/www.redemokracia.sk\/volby-2023\/sos\/\"]}]},{\"@type\":\"BreadcrumbList\",\"@id\":\"https:\/\/www.redemokracia.sk\/volby-2023\/sos\/#breadcrumb\",\"itemListElement\":[{\"@type\":\"ListItem\",\"position\":1,\"name\":\"Home\",\"item\":\"https:\/\/www.redemokracia.sk\/volby-2023\/\"},{\"@type\":\"ListItem\",\"position\":2,\"name\":\"SPOLO\u010cNE OB\u010cANIA SLOVENSKA\"}]},{\"@type\":\"WebSite\",\"@id\":\"https:\/\/www.redemokracia.sk\/volby-2023\/#website\",\"url\":\"https:\/\/www.redemokracia.sk\/volby-2023\/\",\"name\":\"redemokracia\",\"description\":\"\",\"potentialAction\":[{\"@type\":\"SearchAction\",\"target\":{\"@type\":\"EntryPoint\",\"urlTemplate\":\"https:\/\/www.redemokracia.sk\/volby-2023\/?s={search_term_string}\"},\"query-input\":\"required name=search_term_string\"}],\"inLanguage\":\"sk-SK\"},{\"@type\":\"Person\",\"@id\":\"https:\/\/www.redemokracia.sk\/volby-2023\/#\/schema\/person\/bfe7960cd7d4f172780e14797b7c1ddf\",\"name\":\"redemokracia\",\"image\":{\"@type\":\"ImageObject\",\"inLanguage\":\"sk-SK\",\"@id\":\"https:\/\/www.redemokracia.sk\/volby-2023\/#\/schema\/person\/image\/\",\"url\":\"https:\/\/secure.gravatar.com\/avatar\/9e91f5518f7c99ed60d705e32fe93a6b?s=96&d=mm&r=g\",\"contentUrl\":\"https:\/\/secure.gravatar.com\/avatar\/9e91f5518f7c99ed60d705e32fe93a6b?s=96&d=mm&r=g\",\"caption\":\"redemokracia\"},\"sameAs\":[\"https:\/\/www.redemokracia.sk\/volby-2023\"],\"url\":\"https:\/\/www.redemokracia.sk\/volby-2023\/author\/redemokracia\/\"}]}<\/script>\n<!-- \/ Yoast SEO plugin. -->","yoast_head_json":{"title":"SPOLO\u010cNE OB\u010cANIA SLOVENSKA - redemokracia","robots":{"index":"index","follow":"follow","max-snippet":"max-snippet:-1","max-image-preview":"max-image-preview:large","max-video-preview":"max-video-preview:-1"},"canonical":"https:\/\/www.redemokracia.sk\/volby-2023\/sos\/","og_locale":"sk_SK","og_type":"article","og_title":"SPOLO\u010cNE OB\u010cANIA SLOVENSKA - redemokracia","og_description":"| SOS&nbsp;| Volebn\u00e9 \u010d\u00edslo 4&nbsp; Po\u010det kandid\u00e1tov: 148 Stojte za t\u00fdm, v \u010do ver\u00edte Slov\u00e1ci nem\u00f4\u017eu zab\u00fada\u0165 na z\u00e1pas na\u0161ich predkov o n\u00e1rodn\u00e9 sebaur\u010denie a musia br\u00e1ni\u0165 svoje z\u00e1ujmy. Odmietame politick\u00fa agendu LGBTI a multi-kulturalizmu a budeme podporova\u0165 pomoc a podporu mlad\u00fdm rodin\u00e1m pri v\u00fdstavbe n\u00e1jomn\u00fdch bytov. V neposlednom rade sa venujeme podpore vzdel\u00e1vania, umenia, [&hellip;]","og_url":"https:\/\/www.redemokracia.sk\/volby-2023\/sos\/","og_site_name":"redemokracia","article_published_time":"2023-09-06T21:24:13+00:00","article_modified_time":"2023-09-10T21:57:38+00:00","og_image":[{"width":1292,"height":833,"url":"https:\/\/www.redemokracia.sk\/volby-2023\/wp-content\/uploads\/2023\/09\/Volby-2023-spolocne-obcania-slovenska-sos-.jpg","type":"image\/jpeg"}],"author":"redemokracia","twitter_card":"summary_large_image","twitter_misc":{"Autor":"redemokracia","Predpokladan\u00fd \u010das \u010d\u00edtania":"1 min\u00fata"},"schema":{"@context":"https:\/\/schema.org","@graph":[{"@type":"WebPage","@id":"https:\/\/www.redemokracia.sk\/volby-2023\/sos\/","url":"https:\/\/www.redemokracia.sk\/volby-2023\/sos\/","name":"SPOLO\u010cNE OB\u010cANIA SLOVENSKA - redemokracia","isPartOf":{"@id":"https:\/\/www.redemokracia.sk\/volby-2023\/#website"},"datePublished":"2023-09-06T21:24:13+00:00","dateModified":"2023-09-10T21:57:38+00:00","author":{"@id":"https:\/\/www.redemokracia.sk\/volby-2023\/#\/schema\/person\/bfe7960cd7d4f172780e14797b7c1ddf"},"breadcrumb":{"@id":"https:\/\/www.redemokracia.sk\/volby-2023\/sos\/#breadcrumb"},"inLanguage":"sk-SK","potentialAction":[{"@type":"ReadAction","target":["https:\/\/www.redemokracia.sk\/volby-2023\/sos\/"]}]},{"@type":"BreadcrumbList","@id":"https:\/\/www.redemokracia.sk\/volby-2023\/sos\/#breadcrumb","itemListElement":[{"@type":"ListItem","position":1,"name":"Home","item":"https:\/\/www.redemokracia.sk\/volby-2023\/"},{"@type":"ListItem","position":2,"name":"SPOLO\u010cNE OB\u010cANIA SLOVENSKA"}]},{"@type":"WebSite","@id":"https:\/\/www.redemokracia.sk\/volby-2023\/#website","url":"https:\/\/www.redemokracia.sk\/volby-2023\/","name":"redemokracia","description":"","potentialAction":[{"@type":"SearchAction","target":{"@type":"EntryPoint","urlTemplate":"https:\/\/www.redemokracia.sk\/volby-2023\/?s={search_term_string}"},"query-input":"required name=search_term_string"}],"inLanguage":"sk-SK"},{"@type":"Person","@id":"https:\/\/www.redemokracia.sk\/volby-2023\/#\/schema\/person\/bfe7960cd7d4f172780e14797b7c1ddf","name":"redemokracia","image":{"@type":"ImageObject","inLanguage":"sk-SK","@id":"https:\/\/www.redemokracia.sk\/volby-2023\/#\/schema\/person\/image\/","url":"https:\/\/secure.gravatar.com\/avatar\/9e91f5518f7c99ed60d705e32fe93a6b?s=96&d=mm&r=g","contentUrl":"https:\/\/secure.gravatar.com\/avatar\/9e91f5518f7c99ed60d705e32fe93a6b?s=96&d=mm&r=g","caption":"redemokracia"},"sameAs":["https:\/\/www.redemokracia.sk\/volby-2023"],"url":"https:\/\/www.redemokracia.sk\/volby-2023\/author\/redemokracia\/"}]}},"_links":{"self":[{"href":"https:\/\/www.redemokracia.sk\/volby-2023\/wp-json\/wp\/v2\/posts\/90"}],"collection":[{"href":"https:\/\/www.redemokracia.sk\/volby-2023\/wp-json\/wp\/v2\/posts"}],"about":[{"href":"https:\/\/www.redemokracia.sk\/volby-2023\/wp-json\/wp\/v2\/types\/post"}],"author":[{"embeddable":true,"href":"https:\/\/www.redemokracia.sk\/volby-2023\/wp-json\/wp\/v2\/users\/1"}],"replies":[{"embeddable":true,"href":"https:\/\/www.redemokracia.sk\/volby-2023\/wp-json\/wp\/v2\/comments?post=90"}],"version-history":[{"count":6,"href":"https:\/\/www.redemokracia.sk\/volby-2023\/wp-json\/wp\/v2\/posts\/90\/revisions"}],"predecessor-version":[{"id":752,"href":"https:\/\/www.redemokracia.sk\/volby-2023\/wp-json\/wp\/v2\/posts\/90\/revisions\/752"}],"wp:featuredmedia":[{"embeddable":true,"href":"https:\/\/www.redemokracia.sk\/volby-2023\/wp-json\/wp\/v2\/media\/736"}],"wp:attachment":[{"href":"https:\/\/www.redemokracia.sk\/volby-2023\/wp-json\/wp\/v2\/media?parent=90"}],"wp:term":[{"taxonomy":"category","embeddable":true,"href":"https:\/\/www.redemokracia.sk\/volby-2023\/wp-json\/wp\/v2\/categories?post=90"},{"taxonomy":"post_tag","embeddable":true,"href":"https:\/\/www.redemokracia.sk\/volby-2023\/wp-json\/wp\/v2\/tags?post=90"}],"curies":[{"name":"wp","href":"https:\/\/api.w.org\/{rel}","templated":true}]}}