{"id":93,"date":"2023-09-06T23:27:30","date_gmt":"2023-09-06T21:27:30","guid":{"rendered":"https:\/\/www.redemokracia.sk\/volby-2023\/?p=93"},"modified":"2023-09-21T14:01:01","modified_gmt":"2023-09-21T12:01:01","slug":"olano-a-priatelia","status":"publish","type":"post","link":"https:\/\/www.redemokracia.sk\/volby-2023\/olano-a-priatelia\/","title":{"rendered":"O\u013dANO A PRIATELIA: OBY\u010cAJN\u00cd \u013dUDIA, NEZ\u00c1VISL\u00cd KANDID\u00c1TI, NOVA, SLOBODN\u00cd A ZODPOVEDN\u00cd, PA\u010cIVALE ROMA, MAGYAR SZ\u00cdVEK, Kres\u0165ansk\u00e1 \u00fania a ZA \u013dUD\u00cd"},"content":{"rendered":"\n<p><strong>Volebn\u00e9 \u010d\u00edslo 5&nbsp;<\/strong><\/p>\n\n\n\n<p><strong>Po\u010det kandid\u00e1tov: 150<\/strong><\/p>\n\n\n\n<div style=\"height:30px\" aria-hidden=\"true\" class=\"wp-block-spacer\"><\/div>\n\n\n\n<p>Odv\u00e1\u017ene u\u017e 12 rokov<\/p>\n\n\n\n<p>Poctiv\u00e9 protikorup\u010dn\u00e9 hnutie s cie\u013eom porazi\u0165 skorumpovan\u00fdch politikov a ich politick\u00e9 strany. Od za\u010diatku sme v hnut\u00ed vytv\u00e1rali priestor pre kres\u0165anov aj liber\u00e1lov, a tak to zostane aj do bud\u00facna. Sp\u00e1ja kopu dobr\u00fdch \u013eud\u00ed s dobr\u00fdm pl\u00e1nom, ako na Slovensku napravi\u0165 chyby.<\/p>\n\n\n\n<ul>\n<li>Zdrav\u00fd \u017eivot<\/li>\n\n\n\n<li>Vzdel\u00e1vanie, veda a \u0161port<\/li>\n\n\n\n<li>Soci\u00e1lna politika<\/li>\n\n\n\n<li>Krajina bez bari\u00e9r<\/li>\n\n\n\n<li>Spravodliv\u00e9 Slovensko pre ka\u017ed\u00e9ho<\/li>\n\n\n\n<li>Boj proti korupcii<\/li>\n\n\n\n<li>Otvoren\u00e9 a transparentn\u00e9 vl\u00e1dnutie<\/li>\n\n\n\n<li>Bezpe\u010dn\u00e9 Slovensko<\/li>\n\n\n\n<li>Re\u0161pektovan\u00e9 a vplyvn\u00e9 Slovensko<\/li>\n\n\n\n<li>Siln\u00e9 regi\u00f3ny, efekt\u00edvny \u0161t\u00e1t<\/li>\n\n\n\n<li>\u017divotn\u00e9 prostredie<\/li>\n\n\n\n<li>Zdrav\u00e9 financie<\/li>\n\n\n\n<li>Hospod\u00e1rstvo a inov\u00e1cie<\/li>\n\n\n\n<li>Podnikate\u013esk\u00e9 prostredie<\/li>\n\n\n\n<li>P\u00f4dohospod\u00e1rstvo<\/li>\n\n\n\n<li>Ob\u010dianska spolo\u010dnos\u0165<\/li>\n\n\n\n<li>Kult\u00fara a m\u00e9di\u00e1<\/li>\n\n\n\n<li>Doprava<\/li>\n<\/ul>\n\n\n\n<p><strong>Viac inform\u00e1ci\u00ed na str\u00e1nkach:<\/strong><br><strong><a href=\"https:\/\/www.obycajniludia.sk\" target=\"_blank\" rel=\"noreferrer noopener\">https:\/\/www.obycajniludia.sk&nbsp;<\/a><br><a href=\"https:\/\/krestanskaunia.sk\/vizia\/\" target=\"_blank\" rel=\"noreferrer noopener\">https:\/\/krestanskaunia.sk\/vizia\/<\/a><br><a href=\"https:\/\/stranazaludi.sk\/program-strany\/\" target=\"_blank\" rel=\"noreferrer noopener\">https:\/\/stranazaludi.sk\/program-strany\/<\/a><br><a href=\"https:\/\/www.nova.sk\/index.html\" target=\"_blank\" rel=\"noreferrer noopener\">https:\/\/www.nova.sk\/index.html<\/a><\/strong><\/p>\n","protected":false},"excerpt":{"rendered":"<p>Volebn\u00e9 \u010d\u00edslo 5&nbsp; Po\u010det kandid\u00e1tov: 150 Odv\u00e1\u017ene u\u017e 12 rokov Poctiv\u00e9 protikorup\u010dn\u00e9 hnutie s cie\u013eom porazi\u0165 skorumpovan\u00fdch politikov a ich politick\u00e9 strany. Od za\u010diatku sme v hnut\u00ed vytv\u00e1rali priestor pre kres\u0165anov aj liber\u00e1lov, a tak to zostane aj do bud\u00facna. Sp\u00e1ja kopu dobr\u00fdch \u013eud\u00ed s dobr\u00fdm pl\u00e1nom, ako na Slovensku napravi\u0165 chyby. Viac inform\u00e1ci\u00ed na [&hellip;]<\/p>\n","protected":false},"author":1,"featured_media":726,"comment_status":"closed","ping_status":"closed","sticky":false,"template":"","format":"standard","meta":{"_monsterinsights_skip_tracking":false,"_monsterinsights_sitenote_active":false,"_monsterinsights_sitenote_note":"","_monsterinsights_sitenote_category":0},"categories":[40,38,46,34,33,37],"tags":[30,19,28,27,32,20,29,14,22],"yoast_head":"<!-- This site is optimized with the Yoast SEO plugin v21.1 - https:\/\/yoast.com\/wordpress\/plugins\/seo\/ -->\n<title>O\u013dANO A PRIATELIA: OBY\u010cAJN\u00cd \u013dUDIA, NEZ\u00c1VISL\u00cd KANDID\u00c1TI, NOVA, SLOBODN\u00cd A ZODPOVEDN\u00cd, PA\u010cIVALE ROMA, MAGYAR SZ\u00cdVEK, Kres\u0165ansk\u00e1 \u00fania a ZA \u013dUD\u00cd - redemokracia<\/title>\n<meta name=\"robots\" content=\"index, follow, max-snippet:-1, max-image-preview:large, max-video-preview:-1\" \/>\n<link rel=\"canonical\" href=\"https:\/\/www.redemokracia.sk\/volby-2023\/olano-a-priatelia\/\" \/>\n<meta property=\"og:locale\" content=\"sk_SK\" \/>\n<meta property=\"og:type\" content=\"article\" \/>\n<meta property=\"og:title\" content=\"O\u013dANO A PRIATELIA: OBY\u010cAJN\u00cd \u013dUDIA, NEZ\u00c1VISL\u00cd KANDID\u00c1TI, NOVA, SLOBODN\u00cd A ZODPOVEDN\u00cd, PA\u010cIVALE ROMA, MAGYAR SZ\u00cdVEK, Kres\u0165ansk\u00e1 \u00fania a ZA \u013dUD\u00cd - redemokracia\" \/>\n<meta property=\"og:description\" content=\"Volebn\u00e9 \u010d\u00edslo 5&nbsp; Po\u010det kandid\u00e1tov: 150 Odv\u00e1\u017ene u\u017e 12 rokov Poctiv\u00e9 protikorup\u010dn\u00e9 hnutie s cie\u013eom porazi\u0165 skorumpovan\u00fdch politikov a ich politick\u00e9 strany. Od za\u010diatku sme v hnut\u00ed vytv\u00e1rali priestor pre kres\u0165anov aj liber\u00e1lov, a tak to zostane aj do bud\u00facna. Sp\u00e1ja kopu dobr\u00fdch \u013eud\u00ed s dobr\u00fdm pl\u00e1nom, ako na Slovensku napravi\u0165 chyby. Viac inform\u00e1ci\u00ed na [&hellip;]\" \/>\n<meta property=\"og:url\" content=\"https:\/\/www.redemokracia.sk\/volby-2023\/olano-a-priatelia\/\" \/>\n<meta property=\"og:site_name\" content=\"redemokracia\" \/>\n<meta property=\"article:published_time\" content=\"2023-09-06T21:27:30+00:00\" \/>\n<meta property=\"article:modified_time\" content=\"2023-09-21T12:01:01+00:00\" \/>\n<meta property=\"og:image\" content=\"https:\/\/www.redemokracia.sk\/volby-2023\/wp-content\/uploads\/2023\/09\/Volby-2023-olano-a-priatelia-.jpg\" \/>\n\t<meta property=\"og:image:width\" content=\"1292\" \/>\n\t<meta property=\"og:image:height\" content=\"833\" \/>\n\t<meta property=\"og:image:type\" content=\"image\/jpeg\" \/>\n<meta name=\"author\" content=\"redemokracia\" \/>\n<meta name=\"twitter:card\" content=\"summary_large_image\" \/>\n<meta name=\"twitter:label1\" content=\"Autor\" \/>\n\t<meta name=\"twitter:data1\" content=\"redemokracia\" \/>\n\t<meta name=\"twitter:label2\" content=\"Predpokladan\u00fd \u010das \u010d\u00edtania\" \/>\n\t<meta name=\"twitter:data2\" content=\"1 min\u00fata\" \/>\n<script type=\"application\/ld+json\" class=\"yoast-schema-graph\">{\"@context\":\"https:\/\/schema.org\",\"@graph\":[{\"@type\":\"WebPage\",\"@id\":\"https:\/\/www.redemokracia.sk\/volby-2023\/olano-a-priatelia\/\",\"url\":\"https:\/\/www.redemokracia.sk\/volby-2023\/olano-a-priatelia\/\",\"name\":\"O\u013dANO A PRIATELIA: OBY\u010cAJN\u00cd \u013dUDIA, NEZ\u00c1VISL\u00cd KANDID\u00c1TI, NOVA, SLOBODN\u00cd A ZODPOVEDN\u00cd, PA\u010cIVALE ROMA, MAGYAR SZ\u00cdVEK, Kres\u0165ansk\u00e1 \u00fania a ZA \u013dUD\u00cd - redemokracia\",\"isPartOf\":{\"@id\":\"https:\/\/www.redemokracia.sk\/volby-2023\/#website\"},\"datePublished\":\"2023-09-06T21:27:30+00:00\",\"dateModified\":\"2023-09-21T12:01:01+00:00\",\"author\":{\"@id\":\"https:\/\/www.redemokracia.sk\/volby-2023\/#\/schema\/person\/bfe7960cd7d4f172780e14797b7c1ddf\"},\"breadcrumb\":{\"@id\":\"https:\/\/www.redemokracia.sk\/volby-2023\/olano-a-priatelia\/#breadcrumb\"},\"inLanguage\":\"sk-SK\",\"potentialAction\":[{\"@type\":\"ReadAction\",\"target\":[\"https:\/\/www.redemokracia.sk\/volby-2023\/olano-a-priatelia\/\"]}]},{\"@type\":\"BreadcrumbList\",\"@id\":\"https:\/\/www.redemokracia.sk\/volby-2023\/olano-a-priatelia\/#breadcrumb\",\"itemListElement\":[{\"@type\":\"ListItem\",\"position\":1,\"name\":\"Home\",\"item\":\"https:\/\/www.redemokracia.sk\/volby-2023\/\"},{\"@type\":\"ListItem\",\"position\":2,\"name\":\"O\u013dANO A PRIATELIA: OBY\u010cAJN\u00cd \u013dUDIA, NEZ\u00c1VISL\u00cd KANDID\u00c1TI, NOVA, SLOBODN\u00cd A ZODPOVEDN\u00cd, PA\u010cIVALE ROMA, MAGYAR SZ\u00cdVEK, Kres\u0165ansk\u00e1 \u00fania a ZA \u013dUD\u00cd\"}]},{\"@type\":\"WebSite\",\"@id\":\"https:\/\/www.redemokracia.sk\/volby-2023\/#website\",\"url\":\"https:\/\/www.redemokracia.sk\/volby-2023\/\",\"name\":\"redemokracia\",\"description\":\"\",\"potentialAction\":[{\"@type\":\"SearchAction\",\"target\":{\"@type\":\"EntryPoint\",\"urlTemplate\":\"https:\/\/www.redemokracia.sk\/volby-2023\/?s={search_term_string}\"},\"query-input\":\"required name=search_term_string\"}],\"inLanguage\":\"sk-SK\"},{\"@type\":\"Person\",\"@id\":\"https:\/\/www.redemokracia.sk\/volby-2023\/#\/schema\/person\/bfe7960cd7d4f172780e14797b7c1ddf\",\"name\":\"redemokracia\",\"image\":{\"@type\":\"ImageObject\",\"inLanguage\":\"sk-SK\",\"@id\":\"https:\/\/www.redemokracia.sk\/volby-2023\/#\/schema\/person\/image\/\",\"url\":\"https:\/\/secure.gravatar.com\/avatar\/9e91f5518f7c99ed60d705e32fe93a6b?s=96&d=mm&r=g\",\"contentUrl\":\"https:\/\/secure.gravatar.com\/avatar\/9e91f5518f7c99ed60d705e32fe93a6b?s=96&d=mm&r=g\",\"caption\":\"redemokracia\"},\"sameAs\":[\"https:\/\/www.redemokracia.sk\/volby-2023\"],\"url\":\"https:\/\/www.redemokracia.sk\/volby-2023\/author\/redemokracia\/\"}]}<\/script>\n<!-- \/ Yoast SEO plugin. -->","yoast_head_json":{"title":"O\u013dANO A PRIATELIA: OBY\u010cAJN\u00cd \u013dUDIA, NEZ\u00c1VISL\u00cd KANDID\u00c1TI, NOVA, SLOBODN\u00cd A ZODPOVEDN\u00cd, PA\u010cIVALE ROMA, MAGYAR SZ\u00cdVEK, Kres\u0165ansk\u00e1 \u00fania a ZA \u013dUD\u00cd - redemokracia","robots":{"index":"index","follow":"follow","max-snippet":"max-snippet:-1","max-image-preview":"max-image-preview:large","max-video-preview":"max-video-preview:-1"},"canonical":"https:\/\/www.redemokracia.sk\/volby-2023\/olano-a-priatelia\/","og_locale":"sk_SK","og_type":"article","og_title":"O\u013dANO A PRIATELIA: OBY\u010cAJN\u00cd \u013dUDIA, NEZ\u00c1VISL\u00cd KANDID\u00c1TI, NOVA, SLOBODN\u00cd A ZODPOVEDN\u00cd, PA\u010cIVALE ROMA, MAGYAR SZ\u00cdVEK, Kres\u0165ansk\u00e1 \u00fania a ZA \u013dUD\u00cd - redemokracia","og_description":"Volebn\u00e9 \u010d\u00edslo 5&nbsp; Po\u010det kandid\u00e1tov: 150 Odv\u00e1\u017ene u\u017e 12 rokov Poctiv\u00e9 protikorup\u010dn\u00e9 hnutie s cie\u013eom porazi\u0165 skorumpovan\u00fdch politikov a ich politick\u00e9 strany. Od za\u010diatku sme v hnut\u00ed vytv\u00e1rali priestor pre kres\u0165anov aj liber\u00e1lov, a tak to zostane aj do bud\u00facna. Sp\u00e1ja kopu dobr\u00fdch \u013eud\u00ed s dobr\u00fdm pl\u00e1nom, ako na Slovensku napravi\u0165 chyby. Viac inform\u00e1ci\u00ed na [&hellip;]","og_url":"https:\/\/www.redemokracia.sk\/volby-2023\/olano-a-priatelia\/","og_site_name":"redemokracia","article_published_time":"2023-09-06T21:27:30+00:00","article_modified_time":"2023-09-21T12:01:01+00:00","og_image":[{"width":1292,"height":833,"url":"https:\/\/www.redemokracia.sk\/volby-2023\/wp-content\/uploads\/2023\/09\/Volby-2023-olano-a-priatelia-.jpg","type":"image\/jpeg"}],"author":"redemokracia","twitter_card":"summary_large_image","twitter_misc":{"Autor":"redemokracia","Predpokladan\u00fd \u010das \u010d\u00edtania":"1 min\u00fata"},"schema":{"@context":"https:\/\/schema.org","@graph":[{"@type":"WebPage","@id":"https:\/\/www.redemokracia.sk\/volby-2023\/olano-a-priatelia\/","url":"https:\/\/www.redemokracia.sk\/volby-2023\/olano-a-priatelia\/","name":"O\u013dANO A PRIATELIA: OBY\u010cAJN\u00cd \u013dUDIA, NEZ\u00c1VISL\u00cd KANDID\u00c1TI, NOVA, SLOBODN\u00cd A ZODPOVEDN\u00cd, PA\u010cIVALE ROMA, MAGYAR SZ\u00cdVEK, Kres\u0165ansk\u00e1 \u00fania a ZA \u013dUD\u00cd - redemokracia","isPartOf":{"@id":"https:\/\/www.redemokracia.sk\/volby-2023\/#website"},"datePublished":"2023-09-06T21:27:30+00:00","dateModified":"2023-09-21T12:01:01+00:00","author":{"@id":"https:\/\/www.redemokracia.sk\/volby-2023\/#\/schema\/person\/bfe7960cd7d4f172780e14797b7c1ddf"},"breadcrumb":{"@id":"https:\/\/www.redemokracia.sk\/volby-2023\/olano-a-priatelia\/#breadcrumb"},"inLanguage":"sk-SK","potentialAction":[{"@type":"ReadAction","target":["https:\/\/www.redemokracia.sk\/volby-2023\/olano-a-priatelia\/"]}]},{"@type":"BreadcrumbList","@id":"https:\/\/www.redemokracia.sk\/volby-2023\/olano-a-priatelia\/#breadcrumb","itemListElement":[{"@type":"ListItem","position":1,"name":"Home","item":"https:\/\/www.redemokracia.sk\/volby-2023\/"},{"@type":"ListItem","position":2,"name":"O\u013dANO A PRIATELIA: OBY\u010cAJN\u00cd \u013dUDIA, NEZ\u00c1VISL\u00cd KANDID\u00c1TI, NOVA, SLOBODN\u00cd A ZODPOVEDN\u00cd, PA\u010cIVALE ROMA, MAGYAR SZ\u00cdVEK, Kres\u0165ansk\u00e1 \u00fania a ZA \u013dUD\u00cd"}]},{"@type":"WebSite","@id":"https:\/\/www.redemokracia.sk\/volby-2023\/#website","url":"https:\/\/www.redemokracia.sk\/volby-2023\/","name":"redemokracia","description":"","potentialAction":[{"@type":"SearchAction","target":{"@type":"EntryPoint","urlTemplate":"https:\/\/www.redemokracia.sk\/volby-2023\/?s={search_term_string}"},"query-input":"required name=search_term_string"}],"inLanguage":"sk-SK"},{"@type":"Person","@id":"https:\/\/www.redemokracia.sk\/volby-2023\/#\/schema\/person\/bfe7960cd7d4f172780e14797b7c1ddf","name":"redemokracia","image":{"@type":"ImageObject","inLanguage":"sk-SK","@id":"https:\/\/www.redemokracia.sk\/volby-2023\/#\/schema\/person\/image\/","url":"https:\/\/secure.gravatar.com\/avatar\/9e91f5518f7c99ed60d705e32fe93a6b?s=96&d=mm&r=g","contentUrl":"https:\/\/secure.gravatar.com\/avatar\/9e91f5518f7c99ed60d705e32fe93a6b?s=96&d=mm&r=g","caption":"redemokracia"},"sameAs":["https:\/\/www.redemokracia.sk\/volby-2023"],"url":"https:\/\/www.redemokracia.sk\/volby-2023\/author\/redemokracia\/"}]}},"_links":{"self":[{"href":"https:\/\/www.redemokracia.sk\/volby-2023\/wp-json\/wp\/v2\/posts\/93"}],"collection":[{"href":"https:\/\/www.redemokracia.sk\/volby-2023\/wp-json\/wp\/v2\/posts"}],"about":[{"href":"https:\/\/www.redemokracia.sk\/volby-2023\/wp-json\/wp\/v2\/types\/post"}],"author":[{"embeddable":true,"href":"https:\/\/www.redemokracia.sk\/volby-2023\/wp-json\/wp\/v2\/users\/1"}],"replies":[{"embeddable":true,"href":"https:\/\/www.redemokracia.sk\/volby-2023\/wp-json\/wp\/v2\/comments?post=93"}],"version-history":[{"count":6,"href":"https:\/\/www.redemokracia.sk\/volby-2023\/wp-json\/wp\/v2\/posts\/93\/revisions"}],"predecessor-version":[{"id":567,"href":"https:\/\/www.redemokracia.sk\/volby-2023\/wp-json\/wp\/v2\/posts\/93\/revisions\/567"}],"wp:featuredmedia":[{"embeddable":true,"href":"https:\/\/www.redemokracia.sk\/volby-2023\/wp-json\/wp\/v2\/media\/726"}],"wp:attachment":[{"href":"https:\/\/www.redemokracia.sk\/volby-2023\/wp-json\/wp\/v2\/media?parent=93"}],"wp:term":[{"taxonomy":"category","embeddable":true,"href":"https:\/\/www.redemokracia.sk\/volby-2023\/wp-json\/wp\/v2\/categories?post=93"},{"taxonomy":"post_tag","embeddable":true,"href":"https:\/\/www.redemokracia.sk\/volby-2023\/wp-json\/wp\/v2\/tags?post=93"}],"curies":[{"name":"wp","href":"https:\/\/api.w.org\/{rel}","templated":true}]}}