{"id":99,"date":"2023-09-06T23:32:49","date_gmt":"2023-09-06T21:32:49","guid":{"rendered":"https:\/\/www.redemokracia.sk\/volby-2023\/?p=99"},"modified":"2023-09-10T23:56:20","modified_gmt":"2023-09-10T21:56:20","slug":"mf-ods-zr-rk-ds","status":"publish","type":"post","link":"https:\/\/www.redemokracia.sk\/volby-2023\/mf-ods-zr-rk-ds\/","title":{"rendered":"Ma\u010farsk\u00e9 f\u00f3rum, Ob\u010dianski demokrati Slovenska, Za regi\u00f3ny, R\u00f3mska koal\u00edcia, Demokratick\u00e1 strana"},"content":{"rendered":"\n<p>| MF, ODS, ZR, RK, DS | <\/p>\n\n\n\n<p><strong>Volebn\u00e9 \u010d\u00edslo 7&nbsp;<\/strong><\/p>\n\n\n\n<p><strong>Po\u010det kandid\u00e1tov: 125<\/strong><\/p>\n\n\n\n<div style=\"height:30px\" aria-hidden=\"true\" class=\"wp-block-spacer\"><\/div>\n\n\n\n<p>Hlavn\u00fdm cie\u013eom Ma\u010farsk\u00e9ho f\u00f3ra je, aby zabezpe\u010dilo parlamentn\u00fa reprezent\u00e1ciu Ma\u010farov na Slovensku, a vyu\u017eilo to ako n\u00e1stroj urobi\u0165 v\u0161etko pre to, aby \u013eudia z na\u0161ej komunity boli rovnopr\u00e1vnymi ob\u010danmi demokratick\u00e9ho Slovenska. Rovnopr\u00e1vnymi symbolicky, \u010do sa t\u00fdka pr\u00e1v, ekonomickej prosperity ale aj kult\u00farneho naplnenia, aby sme tak prispeli k zachovaniu a prosperite na\u0161ej komunity.<\/p>\n\n\n\n<p>Preto podporujeme zmenu preambuly \u00fastavy, zmenu financovania samospr\u00e1v, ako aj zmenu \u00fazemno-pr\u00e1vneho \u010dlenenia krajiny (\u017eupy, okresy).<\/p>\n\n\n\n<ul>\n<li>1 Zabezpe\u010di\u0165 zast\u00fapenie Ma\u010farskej men\u0161iny v parlamente.<\/li>\n\n\n\n<li>2 Zabezpe\u010di\u0165 zmenu smerovania krajiny a k tomu s\u00fa potrebn\u00ed aj voli\u010di ma\u010farskej n\u00e1rodnosti.<\/li>\n\n\n\n<li>3 Prinavr\u00e1ti\u0165 d\u00f4veru ob\u010danov v pr\u00e1vny \u0161t\u00e1t \u2013 nikto nem\u00f4\u017ee st\u00e1\u0165 nad z\u00e1konmi.<\/li>\n\n\n\n<li>4 Vylu\u010dujeme spolupr\u00e1cu so SMER-om, SNS a Kotlebovou \u2013 \u013dSNS.<\/li>\n\n\n\n<li>5 Z\u00e1kladom je stredoprav\u00e1 orient\u00e1cia strany \u2013 viac v na\u0161om podrobnom programe.<\/li>\n\n\n\n<li>6 Slovensko m\u00e1 zosta\u0165 s\u00fa\u010das\u0165ou NATO a E\u00da.<\/li>\n\n\n\n<li>7 Za d\u00f4le\u017eit\u00e9 pova\u017eujeme zachova\u0165 jednotn\u00fd trh EU, slobodn\u00fd pohyb os\u00f4b, tovaru, kapit\u00e1lu a slu\u017eieb.<\/li>\n\n\n\n<li>8 Treba zachova\u0165 Schengensk\u00fd syst\u00e9m hran\u00edc \u2013 vo\u013en\u00fd pohyb bez vn\u00fatorn\u00fdch hrani\u010dn\u00fdch kontrol.<\/li>\n\n\n\n<li>9 Podporujeme zv\u00fd\u0161en\u00fa ochranu vonkaj\u0161\u00edch hran\u00edc \u2013 cudzinci sa m\u00f4\u017eu zdr\u017eiava\u0165 na \u00fazem\u00ed E\u00da len s povolen\u00edm.<\/li>\n\n\n\n<li>10 Za nutn\u00e9 pova\u017eujeme reformu azylovej politiky E\u00da.<\/li>\n<\/ul>\n\n\n\n<p><strong>Viac inform\u00e1ci\u00ed na str\u00e1nke:&nbsp;<a href=\"https:\/\/madarskeforum.sk\" target=\"_blank\" rel=\"noreferrer noopener\">https:\/\/madarskeforum.sk<\/a><\/strong><\/p>\n","protected":false},"excerpt":{"rendered":"<p>| MF, ODS, ZR, RK, DS | Volebn\u00e9 \u010d\u00edslo 7&nbsp; Po\u010det kandid\u00e1tov: 125 Hlavn\u00fdm cie\u013eom Ma\u010farsk\u00e9ho f\u00f3ra je, aby zabezpe\u010dilo parlamentn\u00fa reprezent\u00e1ciu Ma\u010farov na Slovensku, a vyu\u017eilo to ako n\u00e1stroj urobi\u0165 v\u0161etko pre to, aby \u013eudia z na\u0161ej komunity boli rovnopr\u00e1vnymi ob\u010danmi demokratick\u00e9ho Slovenska. Rovnopr\u00e1vnymi symbolicky, \u010do sa t\u00fdka pr\u00e1v, ekonomickej prosperity ale aj kult\u00farneho [&hellip;]<\/p>\n","protected":false},"author":1,"featured_media":723,"comment_status":"closed","ping_status":"closed","sticky":false,"template":"","format":"standard","meta":{"_monsterinsights_skip_tracking":false,"_monsterinsights_sitenote_active":false,"_monsterinsights_sitenote_note":"","_monsterinsights_sitenote_category":0},"categories":[40,45,33,37],"tags":[24,30,19,21,20],"yoast_head":"<!-- This site is optimized with the Yoast SEO plugin v21.1 - https:\/\/yoast.com\/wordpress\/plugins\/seo\/ -->\n<title>Ma\u010farsk\u00e9 f\u00f3rum, Ob\u010dianski demokrati Slovenska, Za regi\u00f3ny, R\u00f3mska koal\u00edcia, Demokratick\u00e1 strana - redemokracia<\/title>\n<meta name=\"robots\" content=\"index, follow, max-snippet:-1, max-image-preview:large, max-video-preview:-1\" \/>\n<link rel=\"canonical\" href=\"https:\/\/www.redemokracia.sk\/volby-2023\/mf-ods-zr-rk-ds\/\" \/>\n<meta property=\"og:locale\" content=\"sk_SK\" \/>\n<meta property=\"og:type\" content=\"article\" \/>\n<meta property=\"og:title\" content=\"Ma\u010farsk\u00e9 f\u00f3rum, Ob\u010dianski demokrati Slovenska, Za regi\u00f3ny, R\u00f3mska koal\u00edcia, Demokratick\u00e1 strana - redemokracia\" \/>\n<meta property=\"og:description\" content=\"| MF, ODS, ZR, RK, DS | Volebn\u00e9 \u010d\u00edslo 7&nbsp; Po\u010det kandid\u00e1tov: 125 Hlavn\u00fdm cie\u013eom Ma\u010farsk\u00e9ho f\u00f3ra je, aby zabezpe\u010dilo parlamentn\u00fa reprezent\u00e1ciu Ma\u010farov na Slovensku, a vyu\u017eilo to ako n\u00e1stroj urobi\u0165 v\u0161etko pre to, aby \u013eudia z na\u0161ej komunity boli rovnopr\u00e1vnymi ob\u010danmi demokratick\u00e9ho Slovenska. Rovnopr\u00e1vnymi symbolicky, \u010do sa t\u00fdka pr\u00e1v, ekonomickej prosperity ale aj kult\u00farneho [&hellip;]\" \/>\n<meta property=\"og:url\" content=\"https:\/\/www.redemokracia.sk\/volby-2023\/mf-ods-zr-rk-ds\/\" \/>\n<meta property=\"og:site_name\" content=\"redemokracia\" \/>\n<meta property=\"article:published_time\" content=\"2023-09-06T21:32:49+00:00\" \/>\n<meta property=\"article:modified_time\" content=\"2023-09-10T21:56:20+00:00\" \/>\n<meta property=\"og:image\" content=\"https:\/\/www.redemokracia.sk\/volby-2023\/wp-content\/uploads\/2023\/09\/Volby-2023-madarske-forum-obcianski-demokrati-slovenska-za-regiony-romska-koalicia-demokraticka-strana-.jpg\" \/>\n\t<meta property=\"og:image:width\" content=\"1292\" \/>\n\t<meta property=\"og:image:height\" content=\"833\" \/>\n\t<meta property=\"og:image:type\" content=\"image\/jpeg\" \/>\n<meta name=\"author\" content=\"redemokracia\" \/>\n<meta name=\"twitter:card\" content=\"summary_large_image\" \/>\n<meta name=\"twitter:label1\" content=\"Autor\" \/>\n\t<meta name=\"twitter:data1\" content=\"redemokracia\" \/>\n\t<meta name=\"twitter:label2\" content=\"Predpokladan\u00fd \u010das \u010d\u00edtania\" \/>\n\t<meta name=\"twitter:data2\" content=\"2 min\u00faty\" \/>\n<script type=\"application\/ld+json\" class=\"yoast-schema-graph\">{\"@context\":\"https:\/\/schema.org\",\"@graph\":[{\"@type\":\"WebPage\",\"@id\":\"https:\/\/www.redemokracia.sk\/volby-2023\/mf-ods-zr-rk-ds\/\",\"url\":\"https:\/\/www.redemokracia.sk\/volby-2023\/mf-ods-zr-rk-ds\/\",\"name\":\"Ma\u010farsk\u00e9 f\u00f3rum, Ob\u010dianski demokrati Slovenska, Za regi\u00f3ny, R\u00f3mska koal\u00edcia, Demokratick\u00e1 strana - redemokracia\",\"isPartOf\":{\"@id\":\"https:\/\/www.redemokracia.sk\/volby-2023\/#website\"},\"datePublished\":\"2023-09-06T21:32:49+00:00\",\"dateModified\":\"2023-09-10T21:56:20+00:00\",\"author\":{\"@id\":\"https:\/\/www.redemokracia.sk\/volby-2023\/#\/schema\/person\/bfe7960cd7d4f172780e14797b7c1ddf\"},\"breadcrumb\":{\"@id\":\"https:\/\/www.redemokracia.sk\/volby-2023\/mf-ods-zr-rk-ds\/#breadcrumb\"},\"inLanguage\":\"sk-SK\",\"potentialAction\":[{\"@type\":\"ReadAction\",\"target\":[\"https:\/\/www.redemokracia.sk\/volby-2023\/mf-ods-zr-rk-ds\/\"]}]},{\"@type\":\"BreadcrumbList\",\"@id\":\"https:\/\/www.redemokracia.sk\/volby-2023\/mf-ods-zr-rk-ds\/#breadcrumb\",\"itemListElement\":[{\"@type\":\"ListItem\",\"position\":1,\"name\":\"Home\",\"item\":\"https:\/\/www.redemokracia.sk\/volby-2023\/\"},{\"@type\":\"ListItem\",\"position\":2,\"name\":\"Ma\u010farsk\u00e9 f\u00f3rum, Ob\u010dianski demokrati Slovenska, Za regi\u00f3ny, R\u00f3mska koal\u00edcia, Demokratick\u00e1 strana\"}]},{\"@type\":\"WebSite\",\"@id\":\"https:\/\/www.redemokracia.sk\/volby-2023\/#website\",\"url\":\"https:\/\/www.redemokracia.sk\/volby-2023\/\",\"name\":\"redemokracia\",\"description\":\"\",\"potentialAction\":[{\"@type\":\"SearchAction\",\"target\":{\"@type\":\"EntryPoint\",\"urlTemplate\":\"https:\/\/www.redemokracia.sk\/volby-2023\/?s={search_term_string}\"},\"query-input\":\"required name=search_term_string\"}],\"inLanguage\":\"sk-SK\"},{\"@type\":\"Person\",\"@id\":\"https:\/\/www.redemokracia.sk\/volby-2023\/#\/schema\/person\/bfe7960cd7d4f172780e14797b7c1ddf\",\"name\":\"redemokracia\",\"image\":{\"@type\":\"ImageObject\",\"inLanguage\":\"sk-SK\",\"@id\":\"https:\/\/www.redemokracia.sk\/volby-2023\/#\/schema\/person\/image\/\",\"url\":\"https:\/\/secure.gravatar.com\/avatar\/9e91f5518f7c99ed60d705e32fe93a6b?s=96&d=mm&r=g\",\"contentUrl\":\"https:\/\/secure.gravatar.com\/avatar\/9e91f5518f7c99ed60d705e32fe93a6b?s=96&d=mm&r=g\",\"caption\":\"redemokracia\"},\"sameAs\":[\"https:\/\/www.redemokracia.sk\/volby-2023\"],\"url\":\"https:\/\/www.redemokracia.sk\/volby-2023\/author\/redemokracia\/\"}]}<\/script>\n<!-- \/ Yoast SEO plugin. -->","yoast_head_json":{"title":"Ma\u010farsk\u00e9 f\u00f3rum, Ob\u010dianski demokrati Slovenska, Za regi\u00f3ny, R\u00f3mska koal\u00edcia, Demokratick\u00e1 strana - redemokracia","robots":{"index":"index","follow":"follow","max-snippet":"max-snippet:-1","max-image-preview":"max-image-preview:large","max-video-preview":"max-video-preview:-1"},"canonical":"https:\/\/www.redemokracia.sk\/volby-2023\/mf-ods-zr-rk-ds\/","og_locale":"sk_SK","og_type":"article","og_title":"Ma\u010farsk\u00e9 f\u00f3rum, Ob\u010dianski demokrati Slovenska, Za regi\u00f3ny, R\u00f3mska koal\u00edcia, Demokratick\u00e1 strana - redemokracia","og_description":"| MF, ODS, ZR, RK, DS | Volebn\u00e9 \u010d\u00edslo 7&nbsp; Po\u010det kandid\u00e1tov: 125 Hlavn\u00fdm cie\u013eom Ma\u010farsk\u00e9ho f\u00f3ra je, aby zabezpe\u010dilo parlamentn\u00fa reprezent\u00e1ciu Ma\u010farov na Slovensku, a vyu\u017eilo to ako n\u00e1stroj urobi\u0165 v\u0161etko pre to, aby \u013eudia z na\u0161ej komunity boli rovnopr\u00e1vnymi ob\u010danmi demokratick\u00e9ho Slovenska. Rovnopr\u00e1vnymi symbolicky, \u010do sa t\u00fdka pr\u00e1v, ekonomickej prosperity ale aj kult\u00farneho [&hellip;]","og_url":"https:\/\/www.redemokracia.sk\/volby-2023\/mf-ods-zr-rk-ds\/","og_site_name":"redemokracia","article_published_time":"2023-09-06T21:32:49+00:00","article_modified_time":"2023-09-10T21:56:20+00:00","og_image":[{"width":1292,"height":833,"url":"https:\/\/www.redemokracia.sk\/volby-2023\/wp-content\/uploads\/2023\/09\/Volby-2023-madarske-forum-obcianski-demokrati-slovenska-za-regiony-romska-koalicia-demokraticka-strana-.jpg","type":"image\/jpeg"}],"author":"redemokracia","twitter_card":"summary_large_image","twitter_misc":{"Autor":"redemokracia","Predpokladan\u00fd \u010das \u010d\u00edtania":"2 min\u00faty"},"schema":{"@context":"https:\/\/schema.org","@graph":[{"@type":"WebPage","@id":"https:\/\/www.redemokracia.sk\/volby-2023\/mf-ods-zr-rk-ds\/","url":"https:\/\/www.redemokracia.sk\/volby-2023\/mf-ods-zr-rk-ds\/","name":"Ma\u010farsk\u00e9 f\u00f3rum, Ob\u010dianski demokrati Slovenska, Za regi\u00f3ny, R\u00f3mska koal\u00edcia, Demokratick\u00e1 strana - redemokracia","isPartOf":{"@id":"https:\/\/www.redemokracia.sk\/volby-2023\/#website"},"datePublished":"2023-09-06T21:32:49+00:00","dateModified":"2023-09-10T21:56:20+00:00","author":{"@id":"https:\/\/www.redemokracia.sk\/volby-2023\/#\/schema\/person\/bfe7960cd7d4f172780e14797b7c1ddf"},"breadcrumb":{"@id":"https:\/\/www.redemokracia.sk\/volby-2023\/mf-ods-zr-rk-ds\/#breadcrumb"},"inLanguage":"sk-SK","potentialAction":[{"@type":"ReadAction","target":["https:\/\/www.redemokracia.sk\/volby-2023\/mf-ods-zr-rk-ds\/"]}]},{"@type":"BreadcrumbList","@id":"https:\/\/www.redemokracia.sk\/volby-2023\/mf-ods-zr-rk-ds\/#breadcrumb","itemListElement":[{"@type":"ListItem","position":1,"name":"Home","item":"https:\/\/www.redemokracia.sk\/volby-2023\/"},{"@type":"ListItem","position":2,"name":"Ma\u010farsk\u00e9 f\u00f3rum, Ob\u010dianski demokrati Slovenska, Za regi\u00f3ny, R\u00f3mska koal\u00edcia, Demokratick\u00e1 strana"}]},{"@type":"WebSite","@id":"https:\/\/www.redemokracia.sk\/volby-2023\/#website","url":"https:\/\/www.redemokracia.sk\/volby-2023\/","name":"redemokracia","description":"","potentialAction":[{"@type":"SearchAction","target":{"@type":"EntryPoint","urlTemplate":"https:\/\/www.redemokracia.sk\/volby-2023\/?s={search_term_string}"},"query-input":"required name=search_term_string"}],"inLanguage":"sk-SK"},{"@type":"Person","@id":"https:\/\/www.redemokracia.sk\/volby-2023\/#\/schema\/person\/bfe7960cd7d4f172780e14797b7c1ddf","name":"redemokracia","image":{"@type":"ImageObject","inLanguage":"sk-SK","@id":"https:\/\/www.redemokracia.sk\/volby-2023\/#\/schema\/person\/image\/","url":"https:\/\/secure.gravatar.com\/avatar\/9e91f5518f7c99ed60d705e32fe93a6b?s=96&d=mm&r=g","contentUrl":"https:\/\/secure.gravatar.com\/avatar\/9e91f5518f7c99ed60d705e32fe93a6b?s=96&d=mm&r=g","caption":"redemokracia"},"sameAs":["https:\/\/www.redemokracia.sk\/volby-2023"],"url":"https:\/\/www.redemokracia.sk\/volby-2023\/author\/redemokracia\/"}]}},"_links":{"self":[{"href":"https:\/\/www.redemokracia.sk\/volby-2023\/wp-json\/wp\/v2\/posts\/99"}],"collection":[{"href":"https:\/\/www.redemokracia.sk\/volby-2023\/wp-json\/wp\/v2\/posts"}],"about":[{"href":"https:\/\/www.redemokracia.sk\/volby-2023\/wp-json\/wp\/v2\/types\/post"}],"author":[{"embeddable":true,"href":"https:\/\/www.redemokracia.sk\/volby-2023\/wp-json\/wp\/v2\/users\/1"}],"replies":[{"embeddable":true,"href":"https:\/\/www.redemokracia.sk\/volby-2023\/wp-json\/wp\/v2\/comments?post=99"}],"version-history":[{"count":6,"href":"https:\/\/www.redemokracia.sk\/volby-2023\/wp-json\/wp\/v2\/posts\/99\/revisions"}],"predecessor-version":[{"id":569,"href":"https:\/\/www.redemokracia.sk\/volby-2023\/wp-json\/wp\/v2\/posts\/99\/revisions\/569"}],"wp:featuredmedia":[{"embeddable":true,"href":"https:\/\/www.redemokracia.sk\/volby-2023\/wp-json\/wp\/v2\/media\/723"}],"wp:attachment":[{"href":"https:\/\/www.redemokracia.sk\/volby-2023\/wp-json\/wp\/v2\/media?parent=99"}],"wp:term":[{"taxonomy":"category","embeddable":true,"href":"https:\/\/www.redemokracia.sk\/volby-2023\/wp-json\/wp\/v2\/categories?post=99"},{"taxonomy":"post_tag","embeddable":true,"href":"https:\/\/www.redemokracia.sk\/volby-2023\/wp-json\/wp\/v2\/tags?post=99"}],"curies":[{"name":"wp","href":"https:\/\/api.w.org\/{rel}","templated":true}]}}